{"id":19595,"date":"2026-01-12T21:47:15","date_gmt":"2026-01-12T21:47:15","guid":{"rendered":"https:\/\/www.europesays.com\/africa\/19595\/"},"modified":"2026-01-12T21:47:15","modified_gmt":"2026-01-12T21:47:15","slug":"de-quoi-souffre-le-roi-du-maroc","status":"publish","type":"post","link":"https:\/\/www.europesays.com\/africa\/19595\/","title":{"rendered":"de quoi souffre le roi du Maroc ?"},"content":{"rendered":"<p>                                    <img decoding=\"async\" src=\"https:\/\/www.europesays.com\/africa\/wp-content\/uploads\/2026\/01\/69f43f8378aadf68b77b0176fa5d6643991e287ff46cb4f949557c7ac6ae08c1.jpg\" alt=\"Ce jeudi 8 janvier dans Gala N\u00b01700, d\u00e9couvrez le sommaire en vid\u00e9o\u00a0!\" class=\"a11y-hidden\" fetchpriority=\"high\"\/><\/p>\n<p class=\"fig-standfirst\">\n    Ce samedi 10 janvier, l\u2019agence officielle marocaine MAP a communiqu\u00e9 sur l\u2019\u00e9tat de sant\u00e9 de Mohammed VI. Mais de quoi souffre plus exactement le roi du Maroc.<\/p>\n<p class=\"fig-paragraph\">De rares nouvelles de Mohammed VI. Ce samedi 10 janvier, l\u2019agence officielle marocaine MAP a annonc\u00e9 que<a href=\"http:\/\/www.gala.fr\/royautes\/mohammed-vi-du-maroc-au-repos-son-medecin-personnel-donne-des-nouvelles-de-sa-sante-20260111\" data-fig-type=\"Article\" data-gtm-custom-categorie=\"navigation\" data-gtm-custom-action=\"crossclick\" data-gtm-custom-label=\"Contextuel\" data-gtm-event=\"customEventSPE\" data-fig-domain=\"GALA\" rel=\"nofollow noopener\" target=\"_blank\">\u00a0le roi du Maroc est au repos, sous les recommandations de son m\u00e9decin personnel.<\/a>\u00a0Le p\u00e8re de Moulay El Hassan souffre actuellement de douleurs au dos. \u00ab Sa Majest\u00e9 le Roi souffre d\u2019une lombosciatalgie m\u00e9canique, associ\u00e9e \u00e0 une contracture musculaire, sans aucun signe de gravit\u00e9\u00a0\u00bb, pr\u00e9cise le communiqu\u00e9 officiel. Si cette maladie est b\u00e9nigne, elle impose tout de m\u00eame \u00ab une p\u00e9riode de repos fonctionnel\u00a0\u00bb ainsi qu\u2019un \u00ab traitement m\u00e9dical adapt\u00e9\u00a0\u00bb, pr\u00e9cise le m\u00e9decin du souverain.<\/p>\n<p class=\"fig-paragraph\">Ces derni\u00e8res ann\u00e9es, Mohammed VI a souffert de plusieurs probl\u00e8mes de sant\u00e9. Comme le rapporte\u00a0<a href=\"https:\/\/www.lefigaro.fr\/international\/maroc-le-roi-mohammed-vi-souffre-de-douleurs-au-dos-necessitant-du-repos-20260110\" target=\"_blank\" data-fig-type=\"NewsFlash\" rel=\"sponsored noopener nofollow\" data-gtm-custom-categorie=\"navigation\" data-gtm-custom-action=\"crossclick\" data-gtm-custom-label=\"Contextuel\" data-gtm-event=\"customEventSPE\" data-fig-domain=\"LEFIGARO\">Le Figaro,<\/a>\u00a0en octobre 2024, lors de la visite d\u2019\u00c9tat d\u2019Emmanuel Macron au Maroc, le roi \u00e9tait apparu amaigri et se d\u00e9pla\u00e7ait avec une canne. Les m\u00e9dias locaux avaient alors confirm\u00e9 que le p\u00e8re de Lalla Khadija souffrait \u00ab d\u2019une sciatique\u00a0\u00bb. \u00c0 la fin de cette m\u00eame ann\u00e9e, il avait notamment \u00e9t\u00e9<a href=\"http:\/\/www.gala.fr\/l_actu\/news_de_stars\/mohammed-vi-victime-d-une-mauvaise-chute-le-roi-du-maroc-opere-avec-succes-20241209\" data-fig-type=\"Article\" data-gtm-custom-categorie=\"navigation\" data-gtm-custom-action=\"crossclick\" data-gtm-custom-label=\"Contextuel\" data-gtm-event=\"customEventSPE\" data-fig-domain=\"GALA\" rel=\"nofollow noopener\" target=\"_blank\">\u00a0op\u00e9r\u00e9 d\u2019 \u00ab une fracture de l\u2019hum\u00e9rus\u00a0\u00bb \u00e0 l\u2019\u00e9paule gauche<\/a>\u00a0suite \u00e0 une chute \u00ab au cours d\u2019une activit\u00e9 sportive\u00a0\u00bb. Six ans auparavant, Mohammed VI a \u00e9t\u00e9 op\u00e9r\u00e9 du c\u0153ur \u00e0 Rabat, deux ans avant une premi\u00e8re chirurgie \u00e0 Paris.<\/p>\n<p>                                                                <a href=\"#slideshow-header\"><\/p>\n<p class=\"fig-slideshow__title\">\n                    PHOTOS &#8211; Mohammed VI, Lalla Khadija, Moulay Hassan\u2026 Qui est qui dans la famille royale du Maroc\u00a0?\n                <\/p>\n<p>    <\/a><br \/>\n                                                                <a class=\"fig-a11y-skip\" href=\"#fig-a11y-skip-main-inarticle\" data-module=\"a11y-skip\" data-context=\"was @visible\"><br \/>\n    Passer la publicit\u00e9<br \/>\n<\/a>            <\/p>\n<p>                                                                Mohammed VI forc\u00e9 de prendre \u201cdu repos\u201d\u00a0: son fils Moulay El Hassan est plus que jamais dans la lumi\u00e8re<\/p>\n<p class=\"fig-paragraph\">Alors que Mohammed VI est au repos forc\u00e9, durant la Coupe d\u2019Afrique des nations de football, c\u2019est son fils Moulay El Hassan, qui le remplace et<a href=\"http:\/\/www.gala.fr\/royautes\/moulay-el-hassan-plus-que-jamais-dans-la-lumiere-le-prince-heritier-casse-les-codes-et-s-impose-20260109\" data-fig-type=\"Article\" data-gtm-custom-categorie=\"navigation\" data-gtm-custom-action=\"crossclick\" data-gtm-custom-label=\"Contextuel\" data-gtm-event=\"customEventSPE\" data-fig-domain=\"GALA\" rel=\"nofollow noopener\" target=\"_blank\">\u00a0fait une apparition remarqu\u00e9e sur le devant de la sc\u00e8ne<\/a>. Lors de cet \u00e9v\u00e9nement sportif, le jeune homme de 22 ans a cass\u00e9 les codes en serrant les mains des joueurs du Maroc, ainsi que celles de l\u2019\u00e9quipe adverse. Le fils du roi du Maroc a \u00e9galement pris la pose au milieu de la s\u00e9lection marocaine et de r\u00e9aliser une \u00ab louche\u00a0\u00bb symbolique devant 60 000 spectateurs. \u00ab Il a laiss\u00e9 tomber le protocole. C\u2019\u00e9tait comme s\u2019il \u00e9tait devenu un Marocain comme un autre\u00a0\u00bb, confie un supporter au Parisien. Moulay El Hassan n\u2019a \u00e9galement pas pu cacher son enthousiasme lors de l\u2019ouverture du score des Lions de l\u2019Atlas face aux Comores. Un prince h\u00e9ritier proche de son peuple\u00a0!<\/p>\n","protected":false},"excerpt":{"rendered":"Ce samedi 10 janvier, l\u2019agence officielle marocaine MAP a communiqu\u00e9 sur l\u2019\u00e9tat de sant\u00e9 de Mohammed VI. Mais&hellip;\n","protected":false},"author":2,"featured_media":19596,"comment_status":"","ping_status":"","sticky":false,"template":"","format":"standard","meta":{"footnotes":""},"categories":[41],"tags":[12342,158,10876,12341,1714,12340],"class_list":{"0":"post-19595","1":"post","2":"type-post","3":"status-publish","4":"format-standard","5":"has-post-thumbnail","7":"category-maroc","8":"tag-gotha-royaute","9":"tag-maroc","10":"tag-mohammed-vi-du-maroc","11":"tag-revelations","12":"tag-sante","13":"tag-souffrance"},"share_on_mastodon":{"url":"","error":""},"_links":{"self":[{"href":"https:\/\/www.europesays.com\/africa\/wp-json\/wp\/v2\/posts\/19595","targetHints":{"allow":["GET"]}}],"collection":[{"href":"https:\/\/www.europesays.com\/africa\/wp-json\/wp\/v2\/posts"}],"about":[{"href":"https:\/\/www.europesays.com\/africa\/wp-json\/wp\/v2\/types\/post"}],"author":[{"embeddable":true,"href":"https:\/\/www.europesays.com\/africa\/wp-json\/wp\/v2\/users\/2"}],"replies":[{"embeddable":true,"href":"https:\/\/www.europesays.com\/africa\/wp-json\/wp\/v2\/comments?post=19595"}],"version-history":[{"count":0,"href":"https:\/\/www.europesays.com\/africa\/wp-json\/wp\/v2\/posts\/19595\/revisions"}],"wp:featuredmedia":[{"embeddable":true,"href":"https:\/\/www.europesays.com\/africa\/wp-json\/wp\/v2\/media\/19596"}],"wp:attachment":[{"href":"https:\/\/www.europesays.com\/africa\/wp-json\/wp\/v2\/media?parent=19595"}],"wp:term":[{"taxonomy":"category","embeddable":true,"href":"https:\/\/www.europesays.com\/africa\/wp-json\/wp\/v2\/categories?post=19595"},{"taxonomy":"post_tag","embeddable":true,"href":"https:\/\/www.europesays.com\/africa\/wp-json\/wp\/v2\/tags?post=19595"}],"curies":[{"name":"wp","href":"https:\/\/api.w.org\/{rel}","templated":true}]}}