{"id":19611,"date":"2026-01-12T21:59:08","date_gmt":"2026-01-12T21:59:08","guid":{"rendered":"https:\/\/www.europesays.com\/africa\/19611\/"},"modified":"2026-01-12T21:59:08","modified_gmt":"2026-01-12T21:59:08","slug":"lalgerie-sous-vichy-lalgerie-sous-vichy","status":"publish","type":"post","link":"https:\/\/www.europesays.com\/africa\/19611\/","title":{"rendered":"L&#8217;Alg\u00e9rie sous Vichy &#8211; L&#8217;Alg\u00e9rie sous Vichy"},"content":{"rendered":"<p class=\"default-2\">De l&#8217;\u00e9t\u00e9 1940 \u00e0 l&#8217;\u00e9t\u00e9 1943, l&#8217;Alg\u00e9rie fran\u00e7aise se donne avec enthousiasme \u00e0 la r\u00e9volution nationale voulue par P\u00e9tain. Ce dont de nombreux Europ\u00e9ens d&#8217;Alg\u00e9rie r\u00eavent depuis longtemps s&#8217;accomplit : r\u00e9tablissement de l&#8217;ordre colonial, mise au pas des populations et abrogation du d\u00e9cret Cr\u00e9mieux qui, en 1870, avait fait des Juifs d&#8217;Alg\u00e9rie des citoyens fran\u00e7ais.<\/p>\n<p>Publi\u00e9 le 12 janv. 2026 \u00e0 21:00<\/p>\n","protected":false},"excerpt":{"rendered":"De l&#8217;\u00e9t\u00e9 1940 \u00e0 l&#8217;\u00e9t\u00e9 1943, l&#8217;Alg\u00e9rie fran\u00e7aise se donne avec enthousiasme \u00e0 la r\u00e9volution nationale voulue par&hellip;\n","protected":false},"author":2,"featured_media":19612,"comment_status":"","ping_status":"","sticky":false,"template":"","format":"standard","meta":{"footnotes":""},"categories":[254],"tags":[255,12346,12350,12351,12347,12348,12352,12353,12349,12361,12365,12357,12360,12364,12356,12362,12363,12358,12359,12354,12355],"class_list":{"0":"post-19611","1":"post","2":"type-post","3":"status-publish","4":"format-standard","5":"has-post-thumbnail","7":"category-algerie","8":"tag-algerie","9":"tag-documentaire","10":"tag-documentaire-lalgerie-sous-vichy","11":"tag-documentaire-lalgerie-sous-vichy-la-chaine-parlementaire","12":"tag-documentaire-la-chaine-parlementaire","13":"tag-lalgerie-sous-vichy","14":"tag-lalgerie-sous-vichy-documentaire","15":"tag-lalgerie-sous-vichy-documentaire-la-chaine-parlementaire","16":"tag-lalgerie-sous-vichy-la-chaine-parlementaire","17":"tag-lalgerie-sous-vichy-la-chaine-parlementaire-streaming","18":"tag-lalgerie-sous-vichy-la-chaine-parlementaire-streaming-gratuit","19":"tag-lalgerie-sous-vichy-la-chaine-parlementaire-video","20":"tag-lalgerie-sous-vichy-streaming","21":"tag-lalgerie-sous-vichy-streaming-gratuit","22":"tag-lalgerie-sous-vichy-video","23":"tag-streaming-gratuit-lalgerie-sous-vichy","24":"tag-streaming-gratuit-lalgerie-sous-vichy-la-chaine-parlementaire","25":"tag-streaming-lalgerie-sous-vichy","26":"tag-streaming-lalgerie-sous-vichy-la-chaine-parlementaire","27":"tag-video-lalgerie-sous-vichy","28":"tag-video-lalgerie-sous-vichy-la-chaine-parlementaire"},"share_on_mastodon":{"url":"","error":""},"_links":{"self":[{"href":"https:\/\/www.europesays.com\/africa\/wp-json\/wp\/v2\/posts\/19611","targetHints":{"allow":["GET"]}}],"collection":[{"href":"https:\/\/www.europesays.com\/africa\/wp-json\/wp\/v2\/posts"}],"about":[{"href":"https:\/\/www.europesays.com\/africa\/wp-json\/wp\/v2\/types\/post"}],"author":[{"embeddable":true,"href":"https:\/\/www.europesays.com\/africa\/wp-json\/wp\/v2\/users\/2"}],"replies":[{"embeddable":true,"href":"https:\/\/www.europesays.com\/africa\/wp-json\/wp\/v2\/comments?post=19611"}],"version-history":[{"count":0,"href":"https:\/\/www.europesays.com\/africa\/wp-json\/wp\/v2\/posts\/19611\/revisions"}],"wp:featuredmedia":[{"embeddable":true,"href":"https:\/\/www.europesays.com\/africa\/wp-json\/wp\/v2\/media\/19612"}],"wp:attachment":[{"href":"https:\/\/www.europesays.com\/africa\/wp-json\/wp\/v2\/media?parent=19611"}],"wp:term":[{"taxonomy":"category","embeddable":true,"href":"https:\/\/www.europesays.com\/africa\/wp-json\/wp\/v2\/categories?post=19611"},{"taxonomy":"post_tag","embeddable":true,"href":"https:\/\/www.europesays.com\/africa\/wp-json\/wp\/v2\/tags?post=19611"}],"curies":[{"name":"wp","href":"https:\/\/api.w.org\/{rel}","templated":true}]}}