{"id":19629,"date":"2026-01-12T22:13:08","date_gmt":"2026-01-12T22:13:08","guid":{"rendered":"https:\/\/www.europesays.com\/africa\/19629\/"},"modified":"2026-01-12T22:13:08","modified_gmt":"2026-01-12T22:13:08","slug":"belghali-sexplique-apres-lincident-avec-issa-sy","status":"publish","type":"post","link":"https:\/\/www.europesays.com\/africa\/19629\/","title":{"rendered":"Belghali s\u2019explique apr\u00e8s l\u2019incident avec Issa Sy"},"content":{"rendered":"<p style=\"text-align: justify;\" data-start=\"77\" data-end=\"467\">Rafik Belghali est sorti de son silence apr\u00e8s les nombreuses r\u00e9actions suscit\u00e9es par son attitude \u00e0 l\u2019issue de l\u2019\u00e9limination des Fennecs face au Nig\u00e9ria, samedi dernier en quart de finale de la CAN 2025. Tr\u00e8s affect\u00e9 par la d\u00e9faite, le lat\u00e9ral droit alg\u00e9rien est apparu particuli\u00e8rement remont\u00e9 apr\u00e8s le coup de sifflet final, notamment envers l\u2019arbitre s\u00e9n\u00e9galais de la rencontre, Issa Sy.<\/p>\n<p style=\"text-align: justify;\" data-start=\"469\" data-end=\"904\">Encore peu connu du grand public alg\u00e9rien il y a quelques mois, Belghali (23 ans) s\u2019est rapidement impos\u00e9 dans le groupe de Vladimir Petkovic. Int\u00e9gr\u00e9 sans tarder, il a su gagner la confiance du s\u00e9lectionneur et se faire une place de titulaire. Au Maroc, le joueur de l\u2019Hellas V\u00e9rone a rendu des copies solides, avec une prestation remarqu\u00e9e en huiti\u00e8me de finale face \u00e0 la RD Congo.<\/p>\n<p style=\"text-align: justify;\" data-start=\"906\" data-end=\"1248\">Cette premi\u00e8re aventure continentale avec l\u2019\u00e9quipe nationale s\u2019est toutefois conclue sur une immense d\u00e9ception. Face au Nig\u00e9ria, l\u2019Alg\u00e9rie est pass\u00e9e \u00e0 c\u00f4t\u00e9 de son match, et Belghali, \u00e0 l\u2019image de ses co\u00e9quipiers, a sembl\u00e9 d\u00e9sorient\u00e9. Les d\u00e9cisions arbitrales contest\u00e9es ont accentu\u00e9 la frustration g\u00e9n\u00e9rale, dans un contexte d\u00e9j\u00e0 tr\u00e8s tendu.<\/p>\n<p style=\"text-align: justify;\" data-start=\"1250\" data-end=\"1581\">Des images diffus\u00e9es apr\u00e8s la rencontre ont montr\u00e9 le d\u00e9fenseur alg\u00e9rien tentant d\u2019\u00e9changer avec l\u2019arbitre, avant d\u2019\u00eatre stopp\u00e9 par la s\u00e9curit\u00e9 du stade de Marrakech. Cet \u00e9pisode a rapidement fait le tour des r\u00e9seaux sociaux et s\u2019est retrouv\u00e9 au c\u0153ur de l\u2019enqu\u00eate ouverte par la CAF sur les incidents du post-match Alg\u00e9rie\u2013Nig\u00e9ria.<\/p>\n<p style=\"text-align: justify;\" data-start=\"1583\" data-end=\"1893\" data-is-last-node=\"\" data-is-only-node=\"\">Face aux interpr\u00e9tations et aux critiques, Rafik Belghali a tenu \u00e0 r\u00e9agir. Dans un communiqu\u00e9 publi\u00e9 sur son compte X, il a livr\u00e9 sa version des faits, affirmant n\u2019avoir jamais eu l\u2019intention de manquer de respect, tout en assumant l\u2019\u00e9motion et la frustration d\u2019un joueur profond\u00e9ment touch\u00e9 par l\u2019\u00e9limination.<\/p>\n<p>Le communiqu\u00e9 de Belghali<\/p>\n<p style=\"text-align: justify;\" data-start=\"0\" data-end=\"156\">\u00ab J\u2019ai vu la vid\u00e9o qui circule apr\u00e8s le match et je comprends la mani\u00e8re dont elle peut \u00eatre per\u00e7ue sans l\u2019ensemble du contexte.<\/p>\n<p style=\"text-align: justify;\" data-start=\"158\" data-end=\"355\">Apr\u00e8s le coup de sifflet final, je me suis approch\u00e9 de l\u2019arbitre pour lui serrer la main. Sa r\u00e9action m\u2019a surpris et, sous le coup de l\u2019\u00e9motion, je l\u2019ai bri\u00e8vement suivi pour lui demander pourquoi.<\/p>\n<p style=\"text-align: justify;\" data-start=\"357\" data-end=\"582\">Il n\u2019y a eu ni agressivit\u00e9 ni volont\u00e9 de confrontation. J\u2019assume toutefois ma responsabilit\u00e9 d\u2019avoir laiss\u00e9 la situation se prolonger plus longtemps qu\u2019elle n\u2019aurait d\u00fb, dans un moment de forte \u00e9motion apr\u00e8s un match intense.<\/p>\n<p style=\"text-align: justify;\" data-start=\"584\" data-end=\"793\" data-is-last-node=\"\" data-is-only-node=\"\">Je respecte les officiels de match ainsi que le jeu, et je reste concentr\u00e9 sur ma progression en tant que professionnel, avec l\u2019objectif de repr\u00e9senter mon club et mon pays avec responsabilit\u00e9 et discipline. \u00bb<\/p>\n<p>LIRE EGALEMENT : <a href=\"https:\/\/lagazettedufennec.com\/algerie-can-2025-maza-garde-la-tete-levee-petit-prince\/\" rel=\"nofollow noopener\" target=\"_blank\">Alg\u00e9rie \/ CAN 2025 : Maza, garde la t\u00eate lev\u00e9e petit prince<\/a><\/p>\n","protected":false},"excerpt":{"rendered":"Rafik Belghali est sorti de son silence apr\u00e8s les nombreuses r\u00e9actions suscit\u00e9es par son attitude \u00e0 l\u2019issue de&hellip;\n","protected":false},"author":2,"featured_media":19630,"comment_status":"","ping_status":"","sticky":false,"template":"","format":"standard","meta":{"footnotes":""},"categories":[254],"tags":[255,256,8141,12377,12378,12379,12380,12381],"class_list":{"0":"post-19629","1":"post","2":"type-post","3":"status-publish","4":"format-standard","5":"has-post-thumbnail","7":"category-algerie","8":"tag-algerie","9":"tag-algu00e9rie-can","10":"tag-belghali","11":"tag-belghali-algu00e9rie","12":"tag-belghali-algu00e9rie-nigu00e9ria","13":"tag-belghali-can-2025","14":"tag-belghali-issa-sy","15":"tag-rafik-belghali"},"share_on_mastodon":{"url":"","error":""},"_links":{"self":[{"href":"https:\/\/www.europesays.com\/africa\/wp-json\/wp\/v2\/posts\/19629","targetHints":{"allow":["GET"]}}],"collection":[{"href":"https:\/\/www.europesays.com\/africa\/wp-json\/wp\/v2\/posts"}],"about":[{"href":"https:\/\/www.europesays.com\/africa\/wp-json\/wp\/v2\/types\/post"}],"author":[{"embeddable":true,"href":"https:\/\/www.europesays.com\/africa\/wp-json\/wp\/v2\/users\/2"}],"replies":[{"embeddable":true,"href":"https:\/\/www.europesays.com\/africa\/wp-json\/wp\/v2\/comments?post=19629"}],"version-history":[{"count":0,"href":"https:\/\/www.europesays.com\/africa\/wp-json\/wp\/v2\/posts\/19629\/revisions"}],"wp:featuredmedia":[{"embeddable":true,"href":"https:\/\/www.europesays.com\/africa\/wp-json\/wp\/v2\/media\/19630"}],"wp:attachment":[{"href":"https:\/\/www.europesays.com\/africa\/wp-json\/wp\/v2\/media?parent=19629"}],"wp:term":[{"taxonomy":"category","embeddable":true,"href":"https:\/\/www.europesays.com\/africa\/wp-json\/wp\/v2\/categories?post=19629"},{"taxonomy":"post_tag","embeddable":true,"href":"https:\/\/www.europesays.com\/africa\/wp-json\/wp\/v2\/tags?post=19629"}],"curies":[{"name":"wp","href":"https:\/\/api.w.org\/{rel}","templated":true}]}}