{"id":19752,"date":"2026-01-13T00:08:08","date_gmt":"2026-01-13T00:08:08","guid":{"rendered":"https:\/\/www.europesays.com\/africa\/19752\/"},"modified":"2026-01-13T00:08:08","modified_gmt":"2026-01-13T00:08:08","slug":"can-maroc-2025-demi-finalistes-maroc-nigeria-senegal-egypte-duels-de-choc","status":"publish","type":"post","link":"https:\/\/www.europesays.com\/africa\/19752\/","title":{"rendered":"CAN Maroc 2025 &#8211; Demi-finalistes : Maroc, Nigeria, S\u00e9n\u00e9gal, Egypte duels de choc"},"content":{"rendered":"<p>Les favoris ont tenu leur rang malgr\u00e9 la r\u00e9sistance, offrant deux demi-finales prometteuses. Ces affiches opposent des styles vari\u00e9s et des individualit\u00e9s marquantes. L\u2019enjeu est capital : une place en finale pour marquer l\u2019histoire du football africain. Le continent retient son souffle.<\/p>\n<p>Les quarts de finale \u00e0 peine referm\u00e9s, la Coupe d\u2019Afrique des nations entre dans sa derni\u00e8re ligne droite.<\/p>\n<p>Au Maroc, pays h\u00f4te de la comp\u00e9tition, les favoris ont r\u00e9pondu pr\u00e9sent. Le dernier carr\u00e9 est d\u00e9sormais connu et les affiches promettent deux chocs au sommet.<\/p>\n<p>\u00c0 domicile, le Maroc tient son rang. Solides et ma\u00eetris\u00e9s, les Lions de l\u2019Atlas ont domin\u00e9 le Cameroun deux buts \u00e0 z\u00e9ro. Une qualification sans trembler qui confirme leur statut de favori devant leur public. En demi-finale, ils affronteront le Nigeria, tombeur de l\u2019Alg\u00e9rie avec autorit\u00e9, sur le m\u00eame score. Les Super Eagles r\u00eavent d\u2019un retour en finale, deux ans apr\u00e8s celle perdue face \u00e0 la C\u00f4te d\u2019Ivoire.<\/p>\n<p>Autre nation attendue, le S\u00e9n\u00e9gal, champion d\u2019Afrique en 2021, poursuit sa route. Les Lions de la T\u00e9ranga se sont d\u00e9faits du Mali un but \u00e0 z\u00e9ro, au terme d\u2019un match ma\u00eetris\u00e9. Ils retrouveront l\u2019\u00c9gypte, vainqueur d\u2019un quart spectaculaire face \u00e0 la C\u00f4te d\u2019Ivoire, trois buts \u00e0 deux. Une affiche qui rappelle la finale de 2021 remport\u00e9e par le S\u00e9n\u00e9gal.<\/p>\n<p>Les demi-finales se joueront mercredi 14 janvier. \u00c0 18 heures \u00e0 Tanger : S\u00e9n\u00e9gal \u2013 \u00c9gypte. Puis \u00e0 21 heures \u00e0 Rabat : Maroc \u2013 Nigeria, dans un stade Prince Moulay Abdellah qui s\u2019annonce incandescent.<\/p>\n<p>Quatre nations, quatre ambitions, et une certitude : \u00e0 l\u2019issue de cette ultime semaine, l\u2019Afrique conna\u00eetra son nouveau roi.<\/p>\n","protected":false},"excerpt":{"rendered":"Les favoris ont tenu leur rang malgr\u00e9 la r\u00e9sistance, offrant deux demi-finales prometteuses. Ces affiches opposent des styles&hellip;\n","protected":false},"author":2,"featured_media":19753,"comment_status":"","ping_status":"","sticky":false,"template":"","format":"standard","meta":{"footnotes":""},"categories":[48],"tags":[159],"class_list":{"0":"post-19752","1":"post","2":"type-post","3":"status-publish","4":"format-standard","5":"has-post-thumbnail","7":"category-senegal","8":"tag-senegal"},"share_on_mastodon":{"url":"","error":""},"_links":{"self":[{"href":"https:\/\/www.europesays.com\/africa\/wp-json\/wp\/v2\/posts\/19752","targetHints":{"allow":["GET"]}}],"collection":[{"href":"https:\/\/www.europesays.com\/africa\/wp-json\/wp\/v2\/posts"}],"about":[{"href":"https:\/\/www.europesays.com\/africa\/wp-json\/wp\/v2\/types\/post"}],"author":[{"embeddable":true,"href":"https:\/\/www.europesays.com\/africa\/wp-json\/wp\/v2\/users\/2"}],"replies":[{"embeddable":true,"href":"https:\/\/www.europesays.com\/africa\/wp-json\/wp\/v2\/comments?post=19752"}],"version-history":[{"count":0,"href":"https:\/\/www.europesays.com\/africa\/wp-json\/wp\/v2\/posts\/19752\/revisions"}],"wp:featuredmedia":[{"embeddable":true,"href":"https:\/\/www.europesays.com\/africa\/wp-json\/wp\/v2\/media\/19753"}],"wp:attachment":[{"href":"https:\/\/www.europesays.com\/africa\/wp-json\/wp\/v2\/media?parent=19752"}],"wp:term":[{"taxonomy":"category","embeddable":true,"href":"https:\/\/www.europesays.com\/africa\/wp-json\/wp\/v2\/categories?post=19752"},{"taxonomy":"post_tag","embeddable":true,"href":"https:\/\/www.europesays.com\/africa\/wp-json\/wp\/v2\/tags?post=19752"}],"curies":[{"name":"wp","href":"https:\/\/api.w.org\/{rel}","templated":true}]}}