{"id":19799,"date":"2026-01-13T00:52:13","date_gmt":"2026-01-13T00:52:13","guid":{"rendered":"https:\/\/www.europesays.com\/africa\/19799\/"},"modified":"2026-01-13T00:52:13","modified_gmt":"2026-01-13T00:52:13","slug":"a-la-croisee-des-chemins-entre-culture-foot-et-impact-social","status":"publish","type":"post","link":"https:\/\/www.europesays.com\/africa\/19799\/","title":{"rendered":"\u00e0 la crois\u00e9e des chemins entre culture, foot et impact social"},"content":{"rendered":"<p>\t\t\t\t\t Pens\u00e9 comme un \u00e9cosyst\u00e8me panafricain cr\u00e9atif et collaboratif, le projet Heartbeat of Africa d\u00e9ploie, tout au long de la CAN, une s\u00e9rie d\u2019initiatives comprenant culture, sport et engagement social. <br \/>  \u00a0 <br \/>  L\u2019exposition manifeste \u00e9ponyme \u00ab\u00a0Heartbeat of Africa \u2013 Le football, un langage universel\u00a0\u00bb en est le premier battement, et est pr\u00e9sent\u00e9e au c\u0153ur de Rabat, \u00e0 la galerie de l\u2019Institut fran\u00e7ais de Rabat, partenaire du projet aux c\u00f4t\u00e9s de Point Synergie Groupe et Proturf. <br \/>  \u00a0 <br \/>  Cette exposition, qui r\u00e9unit 22 photographes africains et de la diaspora autour du football comme espace de m\u00e9moire, de fiert\u00e9 et de r\u00e9cit collectif, a lieu actuellement, du 20 d\u00e9cembre 2025 au 17 janvier 2026. <br \/>  \u00a0 <br \/>  \u00c0 travers des regards de terrain, elle propose une travers\u00e9e sensible du continent, de ses villes et de ses supporters. S\u2019y entrem\u00ealent des sc\u00e8nes du quotidien, de pratique de football sur la plage ou sur les terrains vagues des bidonvilles, mais aussi des sc\u00e8nes de liesse autour du sport roi. <br \/>  \u00a0 <br \/>  Ce travail de capture de moments instantan\u00e9s et marquants s\u2019est fait sur plus d\u2019un an. Selon Fadhila (franco-alg\u00e9rienne), l\u2019une des quatre femmes panafricaines porteuses du projet,\u00a0\u00ab\u00a0il s\u2019agit d\u2019un r\u00e9cit identitaire\u00a0\u00bb.\u00a0\u00ab\u00a0Pour certains photographes, c\u2019est aussi leur premi\u00e8re exposition, collective ou individuelle\u00a0\u00bb, revient-elle de surcro\u00eet. Selon Lamia Kleiche (franco-marocaine)\u00a0\u00ab c\u2019est une fiert\u00e9 africaine que de produire du made in Africa\u00a0\u00bb. <br \/>  \u00a0  <\/p>\n<p>Un projet panafricain port\u00e9 par des femmes<\/p>\n<p>  \u00a0 <br \/>  Heartbeat of Africa est imagin\u00e9 et port\u00e9 par quatre femmes, \u00e0 savoir Lamia Kleiche (franco-marocaine), Oc\u00e9ane Voltat (guyanaise), Thanya Ockot (franco-congolaise) et Fadhila Chikh (franco-alg\u00e9rienne). Toutes sont issues de la diaspora africaine et sont anim\u00e9es par une conviction commune, celle que la culture et le sport ont le pouvoir de devenir de puissants leviers de transformation, de fiert\u00e9 et d\u2019impact pour les g\u00e9n\u00e9rations \u00e0 venir. <br \/>  \u00a0 <br \/>  Le Maroc accueille la premi\u00e8re \u00e9dition du projet dans cet esprit, affirmant son r\u00f4le de plateforme culturelle et d\u2019innovation sociale \u00e0 l\u2019\u00e9chelle continentale. <br \/>  \u00a0  <\/p>\n<p>Plusieurs temps forts dans le projet<\/p>\n<p>  \u00a0 <br \/>  Au-del\u00e0 de l\u2019exposition, Hearbeat of Africa s\u2019inscrit comme une plateforme et un \u00e9cosyst\u00e8me d\u2019initiatives qui f\u00e9d\u00e8re artistes, entrepreneurs, institutions et m\u00e9dias. Le projet cr\u00e9e ainsi des passerelles entre cr\u00e9ations artistiques, engagement social et d\u00e9veloppement \u00e9conomique, dans le but d\u2019augmenter la visibilit\u00e9 et la reconnaissance des initiatives africaines. <\/p>\n<p>Heartbeat of Africa a d\u00e9ploy\u00e9 et d\u00e9ploiera en outre plusieurs temps forts pendant cette CAN :\u00a0 <br \/>\u00a0  <\/p>\n<p>  \tFootball future :\u00a0Deux journ\u00e9es de conf\u00e9rences sont organis\u00e9es les 15 et 16 janvier 2026 \u00e0 l\u2019ESSEC Business School Africa \u00e0 Rabat, partenaire du projet, r\u00e9unissant journalistes, professionnels du football, enseignants et entrepreneurs autour des enjeux, des retomb\u00e9es \u00e9conomiques et culturelles de la CAN, et des perspectives du football africain au-del\u00e0 du terrain.\u00a0  \tAfrofusion :\u00a0D\u00e9j\u00e0 pr\u00e9sente sur plusieurs Fashion Week \u00e0 Paris et lors de la CAN 2024 \u00e0 Abidjan, la soir\u00e9e Afrofusion\u00a0r\u00e9unira des artistes issus de plusieurs pays du continent, autour d\u2019une programmation musicale et visuelle qui c\u00e9l\u00e8bre la diversit\u00e9 africaine dans une atmosph\u00e8re inclusive et contemporaine.\u00a0  \tLegends United :\u00a0Une journ\u00e9e solidaire, en partenariat avec l\u2019association Tibu Africa, s\u2019est d\u00e9roul\u00e9e le 10 janvier 2026 \u00e0 l\u2019\u00c9cole de la Deuxi\u00e8me Chance \u00e0 Casablanca. D\u00e9di\u00e9e aux enfants et aux jeunes marocains, cette initiative incarne l\u2019esprit de partage et de responsabilit\u00e9 sociale au c\u0153ur du projet.\u00a0    \u00a0 <br \/>  En r\u00e9unissant culture, sport et innovation, Heartbeat of Africa propose un mod\u00e8le d\u2019\u00e9v\u00e9nement f\u00e9d\u00e9rateur ancr\u00e9 dans les enjeux actuels de repr\u00e9sentation, de fiert\u00e9 et d\u2019unit\u00e9 africaine. <\/p>\n<p>Le projet offre ainsi une plateforme s\u00fbre, positive et cr\u00e9ative pour soutenir la culture, la jeunesse et le dialogue panafricain.\n\t\t\t\t <\/p>\n","protected":false},"excerpt":{"rendered":"Pens\u00e9 comme un \u00e9cosyst\u00e8me panafricain cr\u00e9atif et collaboratif, le projet Heartbeat of Africa d\u00e9ploie, tout au long de&hellip;\n","protected":false},"author":2,"featured_media":19800,"comment_status":"","ping_status":"","sticky":false,"template":"","format":"standard","meta":{"footnotes":""},"categories":[41],"tags":[554,553,555,556,563,565,560,567,561,557,162,566,564,558,559,158,562,248,239,310,568],"class_list":{"0":"post-19799","1":"post","2":"type-post","3":"status-publish","4":"format-standard","5":"has-post-thumbnail","7":"category-maroc","8":"tag-actualites","9":"tag-actualites-et-infos-au-maroc","10":"tag-actualites-et-infos-mondiale","11":"tag-actualites-marocaines-du-jour","12":"tag-alimentation","13":"tag-analyses","14":"tag-art-de-vivre","15":"tag-chronique","16":"tag-consommation-et-bien-etre","17":"tag-culture","18":"tag-economie","19":"tag-edito","20":"tag-etudes","21":"tag-insolite","22":"tag-loisirs","23":"tag-maroc","24":"tag-mode","25":"tag-politique","26":"tag-societe","27":"tag-sport","28":"tag-tribune"},"share_on_mastodon":{"url":"","error":""},"_links":{"self":[{"href":"https:\/\/www.europesays.com\/africa\/wp-json\/wp\/v2\/posts\/19799","targetHints":{"allow":["GET"]}}],"collection":[{"href":"https:\/\/www.europesays.com\/africa\/wp-json\/wp\/v2\/posts"}],"about":[{"href":"https:\/\/www.europesays.com\/africa\/wp-json\/wp\/v2\/types\/post"}],"author":[{"embeddable":true,"href":"https:\/\/www.europesays.com\/africa\/wp-json\/wp\/v2\/users\/2"}],"replies":[{"embeddable":true,"href":"https:\/\/www.europesays.com\/africa\/wp-json\/wp\/v2\/comments?post=19799"}],"version-history":[{"count":0,"href":"https:\/\/www.europesays.com\/africa\/wp-json\/wp\/v2\/posts\/19799\/revisions"}],"wp:featuredmedia":[{"embeddable":true,"href":"https:\/\/www.europesays.com\/africa\/wp-json\/wp\/v2\/media\/19800"}],"wp:attachment":[{"href":"https:\/\/www.europesays.com\/africa\/wp-json\/wp\/v2\/media?parent=19799"}],"wp:term":[{"taxonomy":"category","embeddable":true,"href":"https:\/\/www.europesays.com\/africa\/wp-json\/wp\/v2\/categories?post=19799"},{"taxonomy":"post_tag","embeddable":true,"href":"https:\/\/www.europesays.com\/africa\/wp-json\/wp\/v2\/tags?post=19799"}],"curies":[{"name":"wp","href":"https:\/\/api.w.org\/{rel}","templated":true}]}}