{"id":1985,"date":"2026-01-04T04:58:12","date_gmt":"2026-01-04T04:58:12","guid":{"rendered":"https:\/\/www.europesays.com\/africa\/1985\/"},"modified":"2026-01-04T04:58:12","modified_gmt":"2026-01-04T04:58:12","slug":"les-barrages-affichent-un-taux-de-remplissage-moyen-de-8831","status":"publish","type":"post","link":"https:\/\/www.europesays.com\/africa\/1985\/","title":{"rendered":"Les barrages affichent un taux de remplissage moyen de 88,31%"},"content":{"rendered":"<p>Selon les donn\u00e9es publi\u00e9es sur le site de l\u2019ABHBC, la r\u00e9serve totale a progress\u00e9 de 52,1 points en glissement annuel, soit un gain de 577 Mm\u00b3, contre 401 Mm\u00b3 pour un taux moyen de 36,21% \u00e0 la m\u00eame date de l\u2019ann\u00e9e derni\u00e8re. <\/p>\n<p>Dans le d\u00e9tail, le barrage Sidi Mohammed Ben Abdellah affiche une r\u00e9serve de 919,218 Mm\u00b3 (capacit\u00e9 normale 974,788 Mm\u00b3), correspondant \u00e0 un taux de remplissage de 94,3%, contre 368,907 Mm\u00b3 (37,84%), une ann\u00e9e auparavant. <\/p>\n<p>Le barrage Tamesna totalise, quant \u00e0 lui, 25,26 Mm\u00b3 (44,32%), contre 16,607 Mm\u00b3 (29,14%) \u00e0 la m\u00eame date de l\u2019ann\u00e9e pr\u00e9c\u00e9dente, tandis que El Mellah atteint 20,172 Mm\u00b3 (57,63%) contre 10,331 Mm\u00b3 (29,52%). <\/p>\n<p>S\u2019agissant du barrage A\u00efn Kouachia, il affiche 11,26 Mm\u00b3, soit un taux de remplissage de 102,36%, contre 4,03 Mm\u00b3 (36,64%) au 02 janvier 2026.<\/p>\n","protected":false},"excerpt":{"rendered":"Selon les donn\u00e9es publi\u00e9es sur le site de l\u2019ABHBC, la r\u00e9serve totale a progress\u00e9 de 52,1 points en&hellip;\n","protected":false},"author":2,"featured_media":1986,"comment_status":"","ping_status":"","sticky":false,"template":"","format":"standard","meta":{"footnotes":""},"categories":[41],"tags":[554,553,555,556,563,565,560,567,561,557,162,566,564,558,559,158,562,248,239,310,568],"class_list":{"0":"post-1985","1":"post","2":"type-post","3":"status-publish","4":"format-standard","5":"has-post-thumbnail","7":"category-maroc","8":"tag-actualites","9":"tag-actualites-et-infos-au-maroc","10":"tag-actualites-et-infos-mondiale","11":"tag-actualites-marocaines-du-jour","12":"tag-alimentation","13":"tag-analyses","14":"tag-art-de-vivre","15":"tag-chronique","16":"tag-consommation-et-bien-etre","17":"tag-culture","18":"tag-economie","19":"tag-edito","20":"tag-etudes","21":"tag-insolite","22":"tag-loisirs","23":"tag-maroc","24":"tag-mode","25":"tag-politique","26":"tag-societe","27":"tag-sport","28":"tag-tribune"},"share_on_mastodon":{"url":"","error":""},"_links":{"self":[{"href":"https:\/\/www.europesays.com\/africa\/wp-json\/wp\/v2\/posts\/1985","targetHints":{"allow":["GET"]}}],"collection":[{"href":"https:\/\/www.europesays.com\/africa\/wp-json\/wp\/v2\/posts"}],"about":[{"href":"https:\/\/www.europesays.com\/africa\/wp-json\/wp\/v2\/types\/post"}],"author":[{"embeddable":true,"href":"https:\/\/www.europesays.com\/africa\/wp-json\/wp\/v2\/users\/2"}],"replies":[{"embeddable":true,"href":"https:\/\/www.europesays.com\/africa\/wp-json\/wp\/v2\/comments?post=1985"}],"version-history":[{"count":0,"href":"https:\/\/www.europesays.com\/africa\/wp-json\/wp\/v2\/posts\/1985\/revisions"}],"wp:featuredmedia":[{"embeddable":true,"href":"https:\/\/www.europesays.com\/africa\/wp-json\/wp\/v2\/media\/1986"}],"wp:attachment":[{"href":"https:\/\/www.europesays.com\/africa\/wp-json\/wp\/v2\/media?parent=1985"}],"wp:term":[{"taxonomy":"category","embeddable":true,"href":"https:\/\/www.europesays.com\/africa\/wp-json\/wp\/v2\/categories?post=1985"},{"taxonomy":"post_tag","embeddable":true,"href":"https:\/\/www.europesays.com\/africa\/wp-json\/wp\/v2\/tags?post=1985"}],"curies":[{"name":"wp","href":"https:\/\/api.w.org\/{rel}","templated":true}]}}