{"id":199,"date":"2026-01-03T12:03:07","date_gmt":"2026-01-03T12:03:07","guid":{"rendered":"https:\/\/www.europesays.com\/africa\/199\/"},"modified":"2026-01-03T12:03:07","modified_gmt":"2026-01-03T12:03:07","slug":"cheikh-ndiaye-risque-un-an-de-prison-ferme-apres-ses-propos-menacants-en-ligne","status":"publish","type":"post","link":"https:\/\/www.europesays.com\/africa\/199\/","title":{"rendered":"Cheikh Ndiaye risque un an de prison ferme apr\u00e8s ses propos mena\u00e7ants en ligne"},"content":{"rendered":"<p style=\"-webkit-text-size-adjust: auto; word-spacing: 1px; -webkit-tap-highlight-color: rgba(255, 255, 255, 0.25); margin: 0px; font-size: 17px; line-height: normal; font-size-adjust: none; font-kerning: auto; font-variant-alternates: normal; font-variant-ligatures: normal; font-variant-numeric: normal; font-variant-east-asian: normal; font-feature-settings: normal; font-family: -apple-system, sans-serif; border-color: rgb(0, 0, 0); color: rgb(0, 0, 0);\">Cheikh Ndiaye, 46 ans, a \u00e9t\u00e9 condamn\u00e9 mercredi \u00e0 un an de prison ferme par le tribunal des flagrants d\u00e9lits de Pikine-Gu\u00e9diawaye. Plac\u00e9 sous mandat de d\u00e9p\u00f4t, il a \u00e9t\u00e9 reconnu coupable de provocation \u00e0 un crime ou d\u00e9lit, d\u2019apologie d\u2019un crime ou d\u00e9lit, et de diffusion de contenus \u00e9lectroniques contraires aux bonnes m\u0153urs, rapporte Lib\u00e9ration.\u00a0 <\/p>\n<p style=\"-webkit-text-size-adjust: auto; word-spacing: 1px; -webkit-tap-highlight-color: rgba(255, 255, 255, 0.25); margin: 0px; font-size: 17px; line-height: normal; font-size-adjust: none; font-kerning: auto; font-variant-alternates: normal; font-variant-ligatures: normal; font-variant-numeric: normal; font-variant-east-asian: normal; font-feature-settings: normal; min-height: 22px; font-family: -apple-system, sans-serif; border-color: rgb(0, 0, 0); color: rgb(0, 0, 0);\">\u00a0 <\/p>\n<p style=\"-webkit-text-size-adjust: auto; word-spacing: 1px; -webkit-tap-highlight-color: rgba(255, 255, 255, 0.25); margin: 0px; font-size: 17px; line-height: normal; font-size-adjust: none; font-kerning: auto; font-variant-alternates: normal; font-variant-ligatures: normal; font-variant-numeric: normal; font-variant-east-asian: normal; font-feature-settings: normal; font-family: -apple-system, sans-serif; border-color: rgb(0, 0, 0); color: rgb(0, 0, 0);\">Le pr\u00e9venu s\u2019est illustr\u00e9 en publiant des vid\u00e9os dans lesquelles il brandissait un couteau et prof\u00e9rait des menaces graves et des insultes. Lors de son audition devant la Division sp\u00e9ciale de cybercriminalit\u00e9 (DSC), Cheikh Ndiaye a affirm\u00e9 \u00eatre membre du parti \u00ab Nationalistes plus \u00bb et appartenir \u00e0 des groupes WhatsApp tels que \u00ab Pastef Grand Dakar \u00bb, \u00ab Nationalistes du S\u00e9n\u00e9gal \u00bb et \u00ab Nationalistes Ngb \u00bb. <\/p>\n<p style=\"-webkit-text-size-adjust: auto; word-spacing: 1px; -webkit-tap-highlight-color: rgba(255, 255, 255, 0.25); margin: 0px; font-size: 17px; line-height: normal; font-size-adjust: none; font-kerning: auto; font-variant-alternates: normal; font-variant-ligatures: normal; font-variant-numeric: normal; font-variant-east-asian: normal; font-feature-settings: normal; min-height: 22px; font-family: -apple-system, sans-serif; border-color: rgb(0, 0, 0); color: rgb(0, 0, 0);\">\u00a0 <\/p>\n<p style=\"-webkit-text-size-adjust: auto; word-spacing: 1px; -webkit-tap-highlight-color: rgba(255, 255, 255, 0.25); margin: 0px; font-size: 17px; line-height: normal; font-size-adjust: none; font-kerning: auto; font-variant-alternates: normal; font-variant-ligatures: normal; font-variant-numeric: normal; font-variant-east-asian: normal; font-feature-settings: normal; font-family: -apple-system, sans-serif; border-color: rgb(0, 0, 0); color: rgb(0, 0, 0);\">L\u2019accus\u00e9 a tent\u00e9 de justifier ses propos en expliquant que la vid\u00e9o incrimin\u00e9e datait de trois mois et qu\u2019elle faisait suite \u00e0 des menaces de mort qu\u2019il aurait re\u00e7ues apr\u00e8s avoir critiqu\u00e9 des \u00e9trangers vivant au S\u00e9n\u00e9gal. Il a \u00e9galement d\u00e9clar\u00e9 \u00eatre incapable de produire les preuves de ces suppos\u00e9es menaces. <\/p>\n<p style=\"-webkit-text-size-adjust: auto; word-spacing: 1px; -webkit-tap-highlight-color: rgba(255, 255, 255, 0.25); margin: 0px; font-size: 17px; line-height: normal; font-size-adjust: none; font-kerning: auto; font-variant-alternates: normal; font-variant-ligatures: normal; font-variant-numeric: normal; font-variant-east-asian: normal; font-feature-settings: normal; min-height: 22px; font-family: -apple-system, sans-serif; border-color: rgb(0, 0, 0); color: rgb(0, 0, 0);\">\u00a0 <\/p>\n<p style=\"-webkit-text-size-adjust: auto; word-spacing: 1px; -webkit-tap-highlight-color: rgba(255, 255, 255, 0.25); margin: 0px; font-size: 17px; line-height: normal; font-size-adjust: none; font-kerning: auto; font-variant-alternates: normal; font-variant-ligatures: normal; font-variant-numeric: normal; font-variant-east-asian: normal; font-feature-settings: normal; font-family: -apple-system, sans-serif; border-color: rgb(0, 0, 0); color: rgb(0, 0, 0);\">Reconnaissant toutefois le caract\u00e8re excessif de ses d\u00e9clarations, Cheikh Ndiaye a sollicit\u00e9 la cl\u00e9mence du tribunal en pr\u00e9sentant ses excuses. Ses regrets n\u2019ont cependant pas convaincu les juges, qui ont maintenu leur d\u00e9cision. <\/p>\n<p style=\"-webkit-text-size-adjust: auto; word-spacing: 1px; -webkit-tap-highlight-color: rgba(255, 255, 255, 0.25); margin: 0px; font-size: 17px; line-height: normal; font-size-adjust: none; font-kerning: auto; font-variant-alternates: normal; font-variant-ligatures: normal; font-variant-numeric: normal; font-variant-east-asian: normal; font-feature-settings: normal; min-height: 22px; font-family: -apple-system, sans-serif; border-color: rgb(0, 0, 0); color: rgb(0, 0, 0);\">\u00a0 <\/p>\n<p style=\"-webkit-text-size-adjust: auto; word-spacing: 1px; -webkit-tap-highlight-color: rgba(255, 255, 255, 0.25); margin: 0px; font-size: 17px; line-height: normal; font-size-adjust: none; font-kerning: auto; font-variant-alternates: normal; font-variant-ligatures: normal; font-variant-numeric: normal; font-variant-east-asian: normal; font-feature-settings: normal; font-family: -apple-system, sans-serif; border-color: rgb(0, 0, 0); color: rgb(0, 0, 0);\">Le d\u00e9lib\u00e9r\u00e9 est attendu le 5 janvier 2026. En attendant, le pr\u00e9venu reste en d\u00e9tention. <\/p>\n","protected":false},"excerpt":{"rendered":"Cheikh Ndiaye, 46 ans, a \u00e9t\u00e9 condamn\u00e9 mercredi \u00e0 un an de prison ferme par le tribunal des&hellip;\n","protected":false},"author":2,"featured_media":200,"comment_status":"","ping_status":"","sticky":false,"template":"","format":"standard","meta":{"footnotes":""},"categories":[48],"tags":[64,274,279,273,277,278,271,281,283,272,280,276,275,159,282],"class_list":{"0":"post-199","1":"post","2":"type-post","3":"status-publish","4":"format-standard","5":"has-post-thumbnail","7":"category-senegal","8":"tag-afrique","9":"tag-aliou-cisse","10":"tag-amadou-ba","11":"tag-apr","12":"tag-bassirou-diomaye-faye","13":"tag-bathelemy-dias","14":"tag-dakar","15":"tag-el-malick-ndiaye","16":"tag-guy-marius-sagna","17":"tag-macky-sall","18":"tag-madiambal-diagne","19":"tag-ousmane-sonko","20":"tag-pastef","21":"tag-senegal","22":"tag-ziguinchor"},"share_on_mastodon":{"url":"","error":""},"_links":{"self":[{"href":"https:\/\/www.europesays.com\/africa\/wp-json\/wp\/v2\/posts\/199","targetHints":{"allow":["GET"]}}],"collection":[{"href":"https:\/\/www.europesays.com\/africa\/wp-json\/wp\/v2\/posts"}],"about":[{"href":"https:\/\/www.europesays.com\/africa\/wp-json\/wp\/v2\/types\/post"}],"author":[{"embeddable":true,"href":"https:\/\/www.europesays.com\/africa\/wp-json\/wp\/v2\/users\/2"}],"replies":[{"embeddable":true,"href":"https:\/\/www.europesays.com\/africa\/wp-json\/wp\/v2\/comments?post=199"}],"version-history":[{"count":0,"href":"https:\/\/www.europesays.com\/africa\/wp-json\/wp\/v2\/posts\/199\/revisions"}],"wp:featuredmedia":[{"embeddable":true,"href":"https:\/\/www.europesays.com\/africa\/wp-json\/wp\/v2\/media\/200"}],"wp:attachment":[{"href":"https:\/\/www.europesays.com\/africa\/wp-json\/wp\/v2\/media?parent=199"}],"wp:term":[{"taxonomy":"category","embeddable":true,"href":"https:\/\/www.europesays.com\/africa\/wp-json\/wp\/v2\/categories?post=199"},{"taxonomy":"post_tag","embeddable":true,"href":"https:\/\/www.europesays.com\/africa\/wp-json\/wp\/v2\/tags?post=199"}],"curies":[{"name":"wp","href":"https:\/\/api.w.org\/{rel}","templated":true}]}}