{"id":19944,"date":"2026-01-13T03:22:25","date_gmt":"2026-01-13T03:22:25","guid":{"rendered":"https:\/\/www.europesays.com\/africa\/19944\/"},"modified":"2026-01-13T03:22:25","modified_gmt":"2026-01-13T03:22:25","slug":"la-confiance-brisee-un-oncle-accuse-de-viols-sur-sa-niece-de-12-ans","status":"publish","type":"post","link":"https:\/\/www.europesays.com\/africa\/19944\/","title":{"rendered":"la confiance bris\u00e9e, un oncle accus\u00e9 de viols sur sa ni\u00e8ce de 12 ans"},"content":{"rendered":"<p>\n\t\t\t\t\t Un drame d\u2019une rare gravit\u00e9 a r\u00e9cemment boulevers\u00e9 la commune de Yeumbeul. Selon les r\u00e9v\u00e9lations du quotidien L\u2019Observateur, un chef de famille a \u00e9t\u00e9 interpell\u00e9 puis d\u00e9f\u00e9r\u00e9 au parquet pour viols r\u00e9p\u00e9t\u00e9s sur une mineure de 12 ans, sa propre ni\u00e8ce orpheline, qu\u2019il avait pourtant la charge de prot\u00e9ger. <br \/>\u00a0 <br \/>Les faits se sont d\u00e9roul\u00e9s \u00e0 Yeumbeul-Comico, o\u00f9 la police a proc\u00e9d\u00e9 \u00e0 l\u2019arrestation de S. Bald\u00e9, marchand ambulant. L\u2019homme est accus\u00e9 d\u2019avoir abus\u00e9 sexuellement de sa ni\u00e8ce R. Bald\u00e9, confi\u00e9e \u00e0 sa garde apr\u00e8s le d\u00e9c\u00e8s de sa m\u00e8re. Le p\u00e8re de l\u2019adolescente, incapable d\u2019assurer seul son \u00e9ducation, avait fait confiance \u00e0 son fr\u00e8re pour veiller sur elle. Une confiance tragiquement trahie. <br \/>\u00a0 <br \/>D\u2019apr\u00e8s L\u2019Observateur, la fillette vivait depuis pr\u00e8s d\u2019un an dans le foyer de son oncle. Elle dormait sur une natte, \u00e0 m\u00eame le sol, dans la chambre conjugale du couple, partageant cet espace avec le fils de ce dernier. Pendant plusieurs mois, rien ne laissait pr\u00e9sager le drame, jusqu\u2019\u00e0 ce qu\u2019un conflit conjugal \u00e9clate entre l\u2019oncle et son \u00e9pouse. \u00c0 la suite de cette dispute, l\u2019\u00e9pouse aurait refus\u00e9 toute relation conjugale, poussant l\u2019homme \u00e0 quitter le lit conjugal pour dormir \u00e0 m\u00eame le sol, \u00e0 proximit\u00e9 de l\u2019enfant. <br \/>\u00a0 <br \/>C\u2019est dans ce contexte de promiscuit\u00e9 que, selon les \u00e9l\u00e9ments de l\u2019enqu\u00eate rapport\u00e9s par L\u2019Observateur, les premiers attouchements ont eu lieu, avant que l\u2019oncle ne passe \u00e0 l\u2019acte \u00e0 plusieurs reprises, profitant notamment des absences de son \u00e9pouse. L\u2019adolescente, terroris\u00e9e et vuln\u00e9rable, est rest\u00e9e longtemps mur\u00e9e dans le silence. <br \/>\u00a0 <br \/>La v\u00e9rit\u00e9 a finalement \u00e9clat\u00e9 gr\u00e2ce \u00e0 la vigilance d\u2019un formateur du centre de couture o\u00f9 la victime \u00e9tait inscrite. Remarquant son isolement et son mal-\u00eatre, il a r\u00e9ussi \u00e0 instaurer un climat de confiance. Submerg\u00e9e par l\u2019\u00e9motion, la jeune fille a fini par se confier, r\u00e9v\u00e9lant les s\u00e9vices subis. Alert\u00e9e, la police de Yeumbeul-Comico est intervenue sans d\u00e9lai. <br \/>\u00a0 <br \/>Toujours selon L\u2019Observateur, le commissaire Ousmane Diop s\u2019est personnellement impliqu\u00e9 dans la conduite de l\u2019enqu\u00eate. La victime a \u00e9t\u00e9 examin\u00e9e dans un centre de sant\u00e9 de Yeumbeul, o\u00f9 un gyn\u00e9cologue a confirm\u00e9 l\u2019existence de rapports sexuels. Interpell\u00e9, S. Bald\u00e9 a reconnu les faits sans opposer de r\u00e9sistance. Lors de son audition, il a tent\u00e9 de se justifier en invoquant le refus de son \u00e9pouse de remplir ses \u00ab devoirs conjugaux \u00bb, une explication qui a suscit\u00e9 indignation et \u00e9c\u0153urement. <br \/>\u00a0 <br \/>L\u2019homme a \u00e9t\u00e9 d\u00e9f\u00e9r\u00e9 au parquet pour viols r\u00e9p\u00e9t\u00e9s sur une mineure de moins de 13 ans, des faits aggrav\u00e9s par le lien de parent\u00e9 et l\u2019autorit\u00e9 qu\u2019il exer\u00e7ait sur la victime.\n\t\t\t\t <\/p>\n","protected":false},"excerpt":{"rendered":"Un drame d\u2019une rare gravit\u00e9 a r\u00e9cemment boulevers\u00e9 la commune de Yeumbeul. Selon les r\u00e9v\u00e9lations du quotidien L\u2019Observateur,&hellip;\n","protected":false},"author":2,"featured_media":19945,"comment_status":"","ping_status":"","sticky":false,"template":"","format":"standard","meta":{"footnotes":""},"categories":[48],"tags":[64,274,279,273,277,278,271,281,283,272,280,276,275,159,282],"class_list":{"0":"post-19944","1":"post","2":"type-post","3":"status-publish","4":"format-standard","5":"has-post-thumbnail","7":"category-senegal","8":"tag-afrique","9":"tag-aliou-cisse","10":"tag-amadou-ba","11":"tag-apr","12":"tag-bassirou-diomaye-faye","13":"tag-bathelemy-dias","14":"tag-dakar","15":"tag-el-malick-ndiaye","16":"tag-guy-marius-sagna","17":"tag-macky-sall","18":"tag-madiambal-diagne","19":"tag-ousmane-sonko","20":"tag-pastef","21":"tag-senegal","22":"tag-ziguinchor"},"share_on_mastodon":{"url":"","error":""},"_links":{"self":[{"href":"https:\/\/www.europesays.com\/africa\/wp-json\/wp\/v2\/posts\/19944","targetHints":{"allow":["GET"]}}],"collection":[{"href":"https:\/\/www.europesays.com\/africa\/wp-json\/wp\/v2\/posts"}],"about":[{"href":"https:\/\/www.europesays.com\/africa\/wp-json\/wp\/v2\/types\/post"}],"author":[{"embeddable":true,"href":"https:\/\/www.europesays.com\/africa\/wp-json\/wp\/v2\/users\/2"}],"replies":[{"embeddable":true,"href":"https:\/\/www.europesays.com\/africa\/wp-json\/wp\/v2\/comments?post=19944"}],"version-history":[{"count":0,"href":"https:\/\/www.europesays.com\/africa\/wp-json\/wp\/v2\/posts\/19944\/revisions"}],"wp:featuredmedia":[{"embeddable":true,"href":"https:\/\/www.europesays.com\/africa\/wp-json\/wp\/v2\/media\/19945"}],"wp:attachment":[{"href":"https:\/\/www.europesays.com\/africa\/wp-json\/wp\/v2\/media?parent=19944"}],"wp:term":[{"taxonomy":"category","embeddable":true,"href":"https:\/\/www.europesays.com\/africa\/wp-json\/wp\/v2\/categories?post=19944"},{"taxonomy":"post_tag","embeddable":true,"href":"https:\/\/www.europesays.com\/africa\/wp-json\/wp\/v2\/tags?post=19944"}],"curies":[{"name":"wp","href":"https:\/\/api.w.org\/{rel}","templated":true}]}}