{"id":19978,"date":"2026-01-13T03:50:30","date_gmt":"2026-01-13T03:50:30","guid":{"rendered":"https:\/\/www.europesays.com\/africa\/19978\/"},"modified":"2026-01-13T03:50:30","modified_gmt":"2026-01-13T03:50:30","slug":"a-madina-fulbe-des-villages-au-bord-de-leffondrement-lancent-un-cri-dalarme","status":"publish","type":"post","link":"https:\/\/www.europesays.com\/africa\/19978\/","title":{"rendered":"\u00c0 Madina Fulb\u00e9, des villages au bord de l\u2019effondrement lancent un cri d\u2019alarme"},"content":{"rendered":"<p>Les villages de Diombalo, K\u00e9ni\u00e9ba, Alli et Madina Fulb\u00e9, dans la commune de Madina Fulb\u00e9, sont au bord de l&#8217;effondrement. Les habitants de ces localit\u00e9s, situ\u00e9es dans le d\u00e9partement de Bakel, sont confront\u00e9s \u00e0 des probl\u00e8mes cruciaux d&#8217;acc\u00e8s \u00e0 l&#8217;internet, \u00e0 l&#8217;eau potable et aux soins de sant\u00e9. \u00c0 l&#8217;occasion de la visite du d\u00e9put\u00e9 Thierno Alassane Sall dans ces villages, o\u00f9 il a \u00e9t\u00e9 accueilli avec enthousiasme par les populations, la r\u00e9alit\u00e9 de leur situation a \u00e9t\u00e9 mise en lumi\u00e8re. &#8220;On est fatigu\u00e9s de promettre sans tenir&#8221;, d\u00e9clare un habitant de Diombalo. &#8220;Pas d&#8217;\u00e9lectricit\u00e9, pas d&#8217;eau, pas de routes, pas de mat\u00e9riel pour les enseignants&#8230; C&#8217;est dur, vraiment dur. Pour se soigner, nous allons jusqu&#8217;au Mali, le pays frontalier, et souvent les malades sont \u00e9vacu\u00e9s dans des conditions difficiles, \u00e0 bord de motos tricycles&#8221;. <\/p>\n<p>Les difficult\u00e9s sont nombreuses dans cette commune. Les villages sont enclav\u00e9s, les ponts manquent, et l&#8217;acc\u00e8s aux villages est un v\u00e9ritable d\u00e9fi. Les habitants sont oblig\u00e9s de se rendre au Mali pour se soigner, faute de poste de sant\u00e9 dans la localit\u00e9. Les malades sont transport\u00e9s par des charrettes, dans des conditions difficiles. Les femmes n&#8217;ont pas acc\u00e8s \u00e0 des financements, les jeunes n&#8217;ont pas de perspectives d&#8217;avenir&#8230; &#8220;On veut de l&#8217;\u00e9lectricit\u00e9, de l&#8217;eau, des routes, des ponts, des soins de sant\u00e9 et de l&#8217;internet&#8221;, r\u00e9clame le repr\u00e9sentant des jeunes de K\u00e9ni\u00e9ba. <\/p>\n<p>Pour le d\u00e9put\u00e9 Thierno Alassane Sall, l&#8217;\u00c9tat s\u00e9n\u00e9galais a oubli\u00e9 ces populations. &#8220;C&#8217;est une intimidation, ces populations sont n\u00e9glig\u00e9es et l&#8217;\u00c9tat n&#8217;est pas pr\u00eat \u00e0 les aider&#8221;, affirme-t-il. <\/p>\n<p>\u00c0 Alli, l&#8217;\u00e9cole est dans un \u00e9tat d\u00e9plorable : pas de cl\u00f4ture, pas de toilettes, et les \u00e9l\u00e8ves doivent apporter leurs propres bancs pour assister aux cours. L&#8217;ins\u00e9curit\u00e9 est \u00e9galement pr\u00e9sente, les villages \u00e9tant situ\u00e9s \u00e0 la fronti\u00e8re avec le Mali. Le maire de la commune est absent, ce qui complique la gestion des affaires locales. &#8220;Il est insouciant des probl\u00e8mes de la population, il reste des jours sans poser un pied dans la commune&#8221;, souligne un habitant du village. <\/p>\n<p>Les populations de Madina Fulb\u00e9, K\u00e9ni\u00e9ba, Alli et Diombalo lancent un cri d&#8217;alarme. Il est temps que l&#8217;\u00c9tat s\u00e9n\u00e9galais se penche sur leur sort et leur apporte l&#8217;aide n\u00e9cessaire pour qu&#8217;elles puissent vivre dans des conditions d\u00e9centes.<\/p>\n","protected":false},"excerpt":{"rendered":"Les villages de Diombalo, K\u00e9ni\u00e9ba, Alli et Madina Fulb\u00e9, dans la commune de Madina Fulb\u00e9, sont au bord&hellip;\n","protected":false},"author":2,"featured_media":19979,"comment_status":"","ping_status":"","sticky":false,"template":"","format":"standard","meta":{"footnotes":""},"categories":[48],"tags":[64,274,279,273,277,278,271,281,283,272,280,276,275,159,282],"class_list":{"0":"post-19978","1":"post","2":"type-post","3":"status-publish","4":"format-standard","5":"has-post-thumbnail","7":"category-senegal","8":"tag-afrique","9":"tag-aliou-cisse","10":"tag-amadou-ba","11":"tag-apr","12":"tag-bassirou-diomaye-faye","13":"tag-bathelemy-dias","14":"tag-dakar","15":"tag-el-malick-ndiaye","16":"tag-guy-marius-sagna","17":"tag-macky-sall","18":"tag-madiambal-diagne","19":"tag-ousmane-sonko","20":"tag-pastef","21":"tag-senegal","22":"tag-ziguinchor"},"share_on_mastodon":{"url":"","error":""},"_links":{"self":[{"href":"https:\/\/www.europesays.com\/africa\/wp-json\/wp\/v2\/posts\/19978","targetHints":{"allow":["GET"]}}],"collection":[{"href":"https:\/\/www.europesays.com\/africa\/wp-json\/wp\/v2\/posts"}],"about":[{"href":"https:\/\/www.europesays.com\/africa\/wp-json\/wp\/v2\/types\/post"}],"author":[{"embeddable":true,"href":"https:\/\/www.europesays.com\/africa\/wp-json\/wp\/v2\/users\/2"}],"replies":[{"embeddable":true,"href":"https:\/\/www.europesays.com\/africa\/wp-json\/wp\/v2\/comments?post=19978"}],"version-history":[{"count":0,"href":"https:\/\/www.europesays.com\/africa\/wp-json\/wp\/v2\/posts\/19978\/revisions"}],"wp:featuredmedia":[{"embeddable":true,"href":"https:\/\/www.europesays.com\/africa\/wp-json\/wp\/v2\/media\/19979"}],"wp:attachment":[{"href":"https:\/\/www.europesays.com\/africa\/wp-json\/wp\/v2\/media?parent=19978"}],"wp:term":[{"taxonomy":"category","embeddable":true,"href":"https:\/\/www.europesays.com\/africa\/wp-json\/wp\/v2\/categories?post=19978"},{"taxonomy":"post_tag","embeddable":true,"href":"https:\/\/www.europesays.com\/africa\/wp-json\/wp\/v2\/tags?post=19978"}],"curies":[{"name":"wp","href":"https:\/\/api.w.org\/{rel}","templated":true}]}}