{"id":19980,"date":"2026-01-13T03:51:15","date_gmt":"2026-01-13T03:51:15","guid":{"rendered":"https:\/\/www.europesays.com\/africa\/19980\/"},"modified":"2026-01-13T03:51:15","modified_gmt":"2026-01-13T03:51:15","slug":"une-synergie-au-service-du-developpement-regional-aujourdhui-le-maroc","status":"publish","type":"post","link":"https:\/\/www.europesays.com\/africa\/19980\/","title":{"rendered":"Une synergie au service du d\u00e9veloppement r\u00e9gional \u2013 Aujourd&#8217;hui le Maroc"},"content":{"rendered":"<p>Planification<br \/>En partenariat avec le P\u00f4le des \u00e9tudes doctorales de l\u2019Universit\u00e9 Sultan Moulay Slimane, la direction r\u00e9gionale du Haut-Commissariat au Plan de la r\u00e9gion B\u00e9ni Mellal-Kh\u00e9nifra a organis\u00e9, jeudi 8 janvier 2026, un colloque scientifique sous le th\u00e8me \u00abLe Maroc \u00e9mergent et les donn\u00e9es statistiques officielles: importance, exploitation et projection\u00bb.<\/p>\n<p>Lors de son discours inaugural, Mouhsine Idali, directeur du P\u00f4le des \u00e9tudes doctorales \u00e0 l\u2019Universit\u00e9 Sultan Moulay Slimane \u00e0 Beni Mellal, a mis l\u2019accent sur les objectifs que s\u2019assigne l\u2019organisation de ce colloque, l\u2019ouverture de l\u2019universit\u00e9 sur son environnement ext\u00e9rieur, ainsi que les buts de ces \u00e9changes entre l\u2019universit\u00e9 et la direction r\u00e9gionale de la planification. De plus, il a soulign\u00e9 que ces rencontres sont toujours au b\u00e9n\u00e9fice des \u00e9tudiants, afin qu\u2019ils puissent comprendre et exploiter au mieux les donn\u00e9es de la planification et obtenir les r\u00e9sultats escompt\u00e9s des \u00e9tudes men\u00e9es. Et d\u2019ajouter : \u00abNous organisons une s\u00e9rie de colloques ax\u00e9s sur le d\u00e9veloppement et les d\u00e9fis sp\u00e9cifiques de la r\u00e9gion, qui poss\u00e8de des particularit\u00e9s uniques, non seulement en termes de chiffres et d\u2019indicateurs, mais aussi en termes de sp\u00e9cificit\u00e9s naturelles, du contexte social et des \u00e9quilibres impos\u00e9s par les configurations g\u00e9ographiques de la r\u00e9gion\u00bb.<\/p>\n<p>De son c\u00f4t\u00e9, Rachid Toursi, directeur r\u00e9gional du Haut-Commissariat au Plan (HCP), a soulign\u00e9 l\u2019importance des donn\u00e9es issues du Recensement g\u00e9n\u00e9ral de la population et de l\u2019habitat (RGPH) dans l\u2019\u00e9laboration de la nouvelle g\u00e9n\u00e9ration de programmes int\u00e9gr\u00e9s de d\u00e9veloppement territorial. Il a \u00e9galement pr\u00e9sent\u00e9 les m\u00e9canismes de valorisation de ces donn\u00e9es en vue de renforcer une planification territoriale de qualit\u00e9 au Maroc. Il a pr\u00e9cis\u00e9 que ces rencontres visent \u00e0 instaurer un cadre de coop\u00e9ration favorisant la dynamisation des perspectives, des ambitions et des projets communs entre la d\u00e9l\u00e9gation de la planification et l\u2019Universit\u00e9 Sultan Moulay Slimane.<\/p>\n<p>Notons que cette rencontre scientifique s\u2019inscrit dans une dynamique de consolidation des liens entre la recherche acad\u00e9mique et la production de donn\u00e9es statistiques. Elle met \u00e9galement en exergue le r\u00f4le central des statistiques officielles comme outil strat\u00e9gique au service du d\u00e9veloppement durable et de la conception des politiques de planification territoriale au Maroc.<br \/>R\u00e9unissant des universitaires, des chercheurs et des experts en statistique, en g\u00e9ographie et en sciences sociales, ce colloque s\u2019est pench\u00e9 sur la contribution des donn\u00e9es statistiques au renforcement de la recherche scientifique, ainsi qu\u2019\u00e0 l\u2019appui de la planification territoriale et du d\u00e9veloppement durable au Maroc.<\/p>\n<p>Les diff\u00e9rentes allocutions d\u2019ouverture ont, \u00e0 cette occasion, mis en avant la n\u00e9cessit\u00e9 de renforcer la coop\u00e9ration entre les institutions acad\u00e9miques et les organismes statistiques afin de soutenir la recherche et d\u2019\u00e9clairer l\u2019\u00e9laboration des politiques publiques.<br \/>Il convient de rappeler que quatre communications majeures ont \u00e9t\u00e9 pr\u00e9sent\u00e9es \u00e0 cette occasion. Assia Nejjari, cheffe du service d\u2019analyse des donn\u00e9es du Recensement g\u00e9n\u00e9ral de la population et de l\u2019habitat, a notamment mis en lumi\u00e8re l\u2019exploitation des donn\u00e9es du recensement dans la planification et le d\u00e9veloppement territorial, en soulignant l\u2019importance de donn\u00e9es fiables pour \u00e9clairer la prise de d\u00e9cision et concevoir des programmes territoriaux int\u00e9gr\u00e9s. Par ailleurs, les \u00e9changes ont port\u00e9 sur les modalit\u00e9s de valorisation des statistiques dans la recherche scientifique et l\u2019\u00e9laboration des politiques publiques.<\/p>\n","protected":false},"excerpt":{"rendered":"PlanificationEn partenariat avec le P\u00f4le des \u00e9tudes doctorales de l\u2019Universit\u00e9 Sultan Moulay Slimane, la direction r\u00e9gionale du Haut-Commissariat&hellip;\n","protected":false},"author":2,"featured_media":19981,"comment_status":"","ping_status":"","sticky":false,"template":"","format":"standard","meta":{"footnotes":""},"categories":[41],"tags":[158],"class_list":{"0":"post-19980","1":"post","2":"type-post","3":"status-publish","4":"format-standard","5":"has-post-thumbnail","7":"category-maroc","8":"tag-maroc"},"share_on_mastodon":{"url":"","error":""},"_links":{"self":[{"href":"https:\/\/www.europesays.com\/africa\/wp-json\/wp\/v2\/posts\/19980","targetHints":{"allow":["GET"]}}],"collection":[{"href":"https:\/\/www.europesays.com\/africa\/wp-json\/wp\/v2\/posts"}],"about":[{"href":"https:\/\/www.europesays.com\/africa\/wp-json\/wp\/v2\/types\/post"}],"author":[{"embeddable":true,"href":"https:\/\/www.europesays.com\/africa\/wp-json\/wp\/v2\/users\/2"}],"replies":[{"embeddable":true,"href":"https:\/\/www.europesays.com\/africa\/wp-json\/wp\/v2\/comments?post=19980"}],"version-history":[{"count":0,"href":"https:\/\/www.europesays.com\/africa\/wp-json\/wp\/v2\/posts\/19980\/revisions"}],"wp:featuredmedia":[{"embeddable":true,"href":"https:\/\/www.europesays.com\/africa\/wp-json\/wp\/v2\/media\/19981"}],"wp:attachment":[{"href":"https:\/\/www.europesays.com\/africa\/wp-json\/wp\/v2\/media?parent=19980"}],"wp:term":[{"taxonomy":"category","embeddable":true,"href":"https:\/\/www.europesays.com\/africa\/wp-json\/wp\/v2\/categories?post=19980"},{"taxonomy":"post_tag","embeddable":true,"href":"https:\/\/www.europesays.com\/africa\/wp-json\/wp\/v2\/tags?post=19980"}],"curies":[{"name":"wp","href":"https:\/\/api.w.org\/{rel}","templated":true}]}}