{"id":20046,"date":"2026-01-13T04:47:09","date_gmt":"2026-01-13T04:47:09","guid":{"rendered":"https:\/\/www.europesays.com\/africa\/20046\/"},"modified":"2026-01-13T04:47:09","modified_gmt":"2026-01-13T04:47:09","slug":"le-rni-ouvre-la-succession-daziz-akhannouch","status":"publish","type":"post","link":"https:\/\/www.europesays.com\/africa\/20046\/","title":{"rendered":"le RNI ouvre la succession d\u2019Aziz Akhannouch"},"content":{"rendered":"<p>Le Rassemblement national des ind\u00e9pendants (RNI) acc\u00e9l\u00e8re sa transition apr\u00e8s le d\u00e9part d&#8217;Aziz Akhannouch. Le Parti de la Colombe a annonc\u00e9, dans un communiqu\u00e9 publi\u00e9 ce lundi, l&#8217;ouverture des candidatures pour la pr\u00e9sidence.<\/p>\n<p>Un congr\u00e8s extraordinaire est pr\u00e9vu le 7 f\u00e9vrier prochain \u00e0 El Jadida, o\u00f9 le successeur d&#8217;Aziz Akhannouch sera \u00e9lu. Dans ce cadre, le bureau politique a \u00e9galement \u00e9lu les membres du comit\u00e9 pr\u00e9paratoire charg\u00e9 de l&#8217;organisation de cet \u00e9v\u00e9nement.<\/p>\n<p>Le communiqu\u00e9 souligne que le RNI \u00abcontinuera de soutenir Aziz Akhannouch en tant que chef du gouvernement et d&#8217;appuyer la majorit\u00e9 gouvernementale par le biais de ses groupes parlementaires et de ses diff\u00e9rentes structures et instances, afin de permettre au gouvernement de remplir ses obligations contractuelles et de mener \u00e0 bien la mise en \u0153uvre de ses programmes jusqu&#8217;\u00e0 la fin de son mandat constitutionnel\u00bb.<\/p>\n<p>Dimanche, Aziz Akhannouch a annonc\u00e9 son retrait de la pr\u00e9sidence du RNI. \u00c9lu \u00e0 la t\u00eate du parti en octobre 2016, il avait \u00e9t\u00e9 reconduit \u00e0 ce poste en mars 2022.<\/p>\n","protected":false},"excerpt":{"rendered":"Le Rassemblement national des ind\u00e9pendants (RNI) acc\u00e9l\u00e8re sa transition apr\u00e8s le d\u00e9part d&#8217;Aziz Akhannouch. Le Parti de la&hellip;\n","protected":false},"author":2,"featured_media":20047,"comment_status":"","ping_status":"","sticky":false,"template":"","format":"standard","meta":{"footnotes":""},"categories":[41],"tags":[158],"class_list":{"0":"post-20046","1":"post","2":"type-post","3":"status-publish","4":"format-standard","5":"has-post-thumbnail","7":"category-maroc","8":"tag-maroc"},"share_on_mastodon":{"url":"","error":""},"_links":{"self":[{"href":"https:\/\/www.europesays.com\/africa\/wp-json\/wp\/v2\/posts\/20046","targetHints":{"allow":["GET"]}}],"collection":[{"href":"https:\/\/www.europesays.com\/africa\/wp-json\/wp\/v2\/posts"}],"about":[{"href":"https:\/\/www.europesays.com\/africa\/wp-json\/wp\/v2\/types\/post"}],"author":[{"embeddable":true,"href":"https:\/\/www.europesays.com\/africa\/wp-json\/wp\/v2\/users\/2"}],"replies":[{"embeddable":true,"href":"https:\/\/www.europesays.com\/africa\/wp-json\/wp\/v2\/comments?post=20046"}],"version-history":[{"count":0,"href":"https:\/\/www.europesays.com\/africa\/wp-json\/wp\/v2\/posts\/20046\/revisions"}],"wp:featuredmedia":[{"embeddable":true,"href":"https:\/\/www.europesays.com\/africa\/wp-json\/wp\/v2\/media\/20047"}],"wp:attachment":[{"href":"https:\/\/www.europesays.com\/africa\/wp-json\/wp\/v2\/media?parent=20046"}],"wp:term":[{"taxonomy":"category","embeddable":true,"href":"https:\/\/www.europesays.com\/africa\/wp-json\/wp\/v2\/categories?post=20046"},{"taxonomy":"post_tag","embeddable":true,"href":"https:\/\/www.europesays.com\/africa\/wp-json\/wp\/v2\/tags?post=20046"}],"curies":[{"name":"wp","href":"https:\/\/api.w.org\/{rel}","templated":true}]}}