{"id":20064,"date":"2026-01-13T05:02:12","date_gmt":"2026-01-13T05:02:12","guid":{"rendered":"https:\/\/www.europesays.com\/africa\/20064\/"},"modified":"2026-01-13T05:02:12","modified_gmt":"2026-01-13T05:02:12","slug":"la-commission-de-veille-dresse-un-bilan-des-interventions-de-terrain-aujourdhui-le-maroc","status":"publish","type":"post","link":"https:\/\/www.europesays.com\/africa\/20064\/","title":{"rendered":"La commission de veille dresse un bilan des interventions de terrain \u2013 Aujourd&#8217;hui le Maroc"},"content":{"rendered":"<p>Mobilisation permanente<br \/>Dans le cadre du suivi continu des r\u00e9percussions de la vague de froid et des perturbations m\u00e9t\u00e9orologiques que conna\u00eet la province de B\u00e9ni Mellal, le wali de la r\u00e9gion B\u00e9ni Mellal\u2013Kh\u00e9nifra, Mohamed Benribag, a r\u00e9cemment pr\u00e9sid\u00e9 une r\u00e9union de la commission provinciale de veille, en pr\u00e9sence de l\u2019ensemble de ses membres ainsi que des repr\u00e9sentants des diff\u00e9rents services et secteurs concern\u00e9s.<\/p>\n<p>Cette r\u00e9union a \u00e9t\u00e9 consacr\u00e9e \u00e0 l\u2019\u00e9valuation du bilan des interventions de terrain men\u00e9es par les diff\u00e9rents intervenants, ainsi qu\u2019\u00e0 l\u2019examen de l\u2019efficacit\u00e9 des mesures prises pour limiter les impacts n\u00e9gatifs de la vague de froid, notamment dans les zones montagneuses et rurales, et aupr\u00e8s des populations vuln\u00e9rables.<br \/>\u00c0 cette occasion, le wali a rappel\u00e9 les Hautes instructions royales appelant \u00e0 l\u2019\u00e9l\u00e9vation du niveau de vigilance et \u00e0 une mobilisation permanente, ainsi qu\u2019au renforcement de la coordination entre les diff\u00e9rents intervenants, afin de garantir une r\u00e9ponse rapide et efficace face aux conditions climatiques rigoureuses. Il a \u00e9galement salu\u00e9 les efforts d\u00e9ploy\u00e9s au niveau de la province de B\u00e9ni Mellal, tant en mati\u00e8re de d\u00e9senclavement des populations affect\u00e9es que de fourniture de soins de sant\u00e9 et de diverses formes d\u2019appui et d\u2019assistance n\u00e9cessaires.<\/p>\n<p>La r\u00e9union a, par ailleurs, \u00e9t\u00e9 marqu\u00e9e par la pr\u00e9sentation de plusieurs expos\u00e9s par les services concern\u00e9s, portant sur les mesures op\u00e9rationnelles mises en \u0153uvre sur le terrain, notamment le recensement des femmes enceintes et leur prise en charge dans les maisons de maternit\u00e9, l\u2019accompagnement des malades, l\u2019organisation de caravanes m\u00e9dicales au profit des populations r\u00e9sidant dans les zones touch\u00e9es, ainsi que le renforcement de l\u2019approvisionnement des centres de sant\u00e9 en m\u00e9dicaments et en \u00e9quipements indispensables.<\/p>\n<p>Les participants ont \u00e9galement abord\u00e9 les efforts consentis en mati\u00e8re de d\u00e9senclavement, en particulier les op\u00e9rations de d\u00e9neigement des axes routiers affect\u00e9s et la garantie de la continuit\u00e9 de la circulation, en plus des mesures prises pour s\u00e9curiser l\u2019approvisionnement des march\u00e9s locaux en produits de premi\u00e8re n\u00e9cessit\u00e9, afin d\u2019\u00e9viter toute p\u00e9nurie \u00e9ventuelle.<br \/>En cl\u00f4ture de la r\u00e9union, M. Benribag a insist\u00e9 sur la n\u00e9cessit\u00e9 de poursuivre la mobilisation g\u00e9n\u00e9rale, de renforcer les m\u00e9canismes de suivi de terrain et de se tenir pr\u00eat \u00e0 intervenir imm\u00e9diatement chaque fois que n\u00e9cessaire, de mani\u00e8re \u00e0 assurer la protection des populations et \u00e0 att\u00e9nuer les effets de la vague de froid, conform\u00e9ment aux Hautes Instructions Royales.<\/p>\n","protected":false},"excerpt":{"rendered":"Mobilisation permanenteDans le cadre du suivi continu des r\u00e9percussions de la vague de froid et des perturbations m\u00e9t\u00e9orologiques&hellip;\n","protected":false},"author":2,"featured_media":20065,"comment_status":"","ping_status":"","sticky":false,"template":"","format":"standard","meta":{"footnotes":""},"categories":[41],"tags":[158],"class_list":{"0":"post-20064","1":"post","2":"type-post","3":"status-publish","4":"format-standard","5":"has-post-thumbnail","7":"category-maroc","8":"tag-maroc"},"share_on_mastodon":{"url":"","error":""},"_links":{"self":[{"href":"https:\/\/www.europesays.com\/africa\/wp-json\/wp\/v2\/posts\/20064","targetHints":{"allow":["GET"]}}],"collection":[{"href":"https:\/\/www.europesays.com\/africa\/wp-json\/wp\/v2\/posts"}],"about":[{"href":"https:\/\/www.europesays.com\/africa\/wp-json\/wp\/v2\/types\/post"}],"author":[{"embeddable":true,"href":"https:\/\/www.europesays.com\/africa\/wp-json\/wp\/v2\/users\/2"}],"replies":[{"embeddable":true,"href":"https:\/\/www.europesays.com\/africa\/wp-json\/wp\/v2\/comments?post=20064"}],"version-history":[{"count":0,"href":"https:\/\/www.europesays.com\/africa\/wp-json\/wp\/v2\/posts\/20064\/revisions"}],"wp:featuredmedia":[{"embeddable":true,"href":"https:\/\/www.europesays.com\/africa\/wp-json\/wp\/v2\/media\/20065"}],"wp:attachment":[{"href":"https:\/\/www.europesays.com\/africa\/wp-json\/wp\/v2\/media?parent=20064"}],"wp:term":[{"taxonomy":"category","embeddable":true,"href":"https:\/\/www.europesays.com\/africa\/wp-json\/wp\/v2\/categories?post=20064"},{"taxonomy":"post_tag","embeddable":true,"href":"https:\/\/www.europesays.com\/africa\/wp-json\/wp\/v2\/tags?post=20064"}],"curies":[{"name":"wp","href":"https:\/\/api.w.org\/{rel}","templated":true}]}}