{"id":201,"date":"2026-01-03T12:03:13","date_gmt":"2026-01-03T12:03:13","guid":{"rendered":"https:\/\/www.europesays.com\/africa\/201\/"},"modified":"2026-01-03T12:03:13","modified_gmt":"2026-01-03T12:03:13","slug":"mahrez-et-mandi-nouveau-record-en-vue","status":"publish","type":"post","link":"https:\/\/www.europesays.com\/africa\/201\/","title":{"rendered":"Mahrez et Mandi, nouveau record en vue"},"content":{"rendered":"<p style=\"text-align: justify;\" data-start=\"0\" data-end=\"168\">D\u00e9j\u00e0 entr\u00e9s dans l\u2019histoire des Verts, Riyad Mahrez et Aissa Mandi s\u2019appr\u00eatent \u00e0 ajouter une ligne \u00e0 leurs CV d\u2019internationaux alg\u00e9riens d\u00e9j\u00e0 longs comme le bras.<\/p>\n<p style=\"text-align: justify;\" data-start=\"170\" data-end=\"514\">Ce mardi, lors du huiti\u00e8me de finale de la CAN face \u00e0 la RD Congo, Riyad Mahrez et Aissa Mandi s\u2019appr\u00eatent \u00e0 \u00e9crire une nouvelle page de leur histoire avec l\u2019Alg\u00e9rie. Avec 22 matchs jou\u00e9s en phase finale, ils vont d\u00e9passer Rabah Madjer et devenir officiellement les joueurs les plus cap\u00e9s des Verts en Coupe d\u2019Afrique des Nations depuis 1992.<\/p>\n<p style=\"text-align: justify;\" data-start=\"516\" data-end=\"716\">Derri\u00e8re eux, d\u2019autres cadres comme Baghdad Bounedjah, Isma\u00ebl Bennacer, Youcef Belaili ou Aissa Mandi pourraient encore grimper dans le classement si l\u2019Alg\u00e9rie continue sa route dans la comp\u00e9tition.<\/p>\n<p style=\"text-align: justify;\" data-start=\"718\" data-end=\"1013\">Mahrez, d\u00e9j\u00e0 meilleur buteur avec 37 r\u00e9alisations, d\u00e9passe Abdelhafid Tasfaout et continue de creuser son sillon dans l\u2019histoire du football alg\u00e9rien. Quant \u00e0 Aissa Mandi, avec 114 s\u00e9lections, il reste le joueur ayant le plus port\u00e9 le maillot national, et ce record pourrait encore s\u2019allonger.<\/p>\n<p style=\"text-align: justify;\" data-start=\"1015\" data-end=\"1161\" data-is-last-node=\"\" data-is-only-node=\"\">Mardi, face \u00e0 la RD Congo, les deux stars ne joueront pas seulement pour la qualification. Ils entreront d\u00e9finitivement dans la l\u00e9gende des Verts.<\/p>\n<p>LIRE EGALEMENT : <a href=\"https:\/\/lagazettedufennec.com\/can-2025-absence-de-maza-de-lequipe-type-decision-cafkaienne\/\" rel=\"nofollow noopener\" target=\"_blank\">CAN 2025\/Absence de Maza de l\u2019\u00e9quipe type : D\u00e9cision CAFka\u00efenne !<\/a><\/p>\n","protected":false},"excerpt":{"rendered":"D\u00e9j\u00e0 entr\u00e9s dans l\u2019histoire des Verts, Riyad Mahrez et Aissa Mandi s\u2019appr\u00eatent \u00e0 ajouter une ligne \u00e0 leurs&hellip;\n","protected":false},"author":2,"featured_media":202,"comment_status":"","ping_status":"","sticky":false,"template":"","format":"standard","meta":{"footnotes":""},"categories":[254],"tags":[284,255,256,285,286,287,288,289,290,291,292],"class_list":{"0":"post-201","1":"post","2":"type-post","3":"status-publish","4":"format-standard","5":"has-post-thumbnail","7":"category-algerie","8":"tag-aissa-mandi","9":"tag-algerie","10":"tag-algu00e9rie-can","11":"tag-algu00e9rie-coupe-dafrique","12":"tag-mahrez","13":"tag-mahrez-algu00e9rie","14":"tag-mahrez-can-2025","15":"tag-mandi","16":"tag-mandi-algu00e9rie","17":"tag-mandi-can-2025","18":"tag-riyad-mahrez"},"share_on_mastodon":{"url":"","error":""},"_links":{"self":[{"href":"https:\/\/www.europesays.com\/africa\/wp-json\/wp\/v2\/posts\/201","targetHints":{"allow":["GET"]}}],"collection":[{"href":"https:\/\/www.europesays.com\/africa\/wp-json\/wp\/v2\/posts"}],"about":[{"href":"https:\/\/www.europesays.com\/africa\/wp-json\/wp\/v2\/types\/post"}],"author":[{"embeddable":true,"href":"https:\/\/www.europesays.com\/africa\/wp-json\/wp\/v2\/users\/2"}],"replies":[{"embeddable":true,"href":"https:\/\/www.europesays.com\/africa\/wp-json\/wp\/v2\/comments?post=201"}],"version-history":[{"count":0,"href":"https:\/\/www.europesays.com\/africa\/wp-json\/wp\/v2\/posts\/201\/revisions"}],"wp:featuredmedia":[{"embeddable":true,"href":"https:\/\/www.europesays.com\/africa\/wp-json\/wp\/v2\/media\/202"}],"wp:attachment":[{"href":"https:\/\/www.europesays.com\/africa\/wp-json\/wp\/v2\/media?parent=201"}],"wp:term":[{"taxonomy":"category","embeddable":true,"href":"https:\/\/www.europesays.com\/africa\/wp-json\/wp\/v2\/categories?post=201"},{"taxonomy":"post_tag","embeddable":true,"href":"https:\/\/www.europesays.com\/africa\/wp-json\/wp\/v2\/tags?post=201"}],"curies":[{"name":"wp","href":"https:\/\/api.w.org\/{rel}","templated":true}]}}