{"id":20106,"date":"2026-01-13T05:46:33","date_gmt":"2026-01-13T05:46:33","guid":{"rendered":"https:\/\/www.europesays.com\/africa\/20106\/"},"modified":"2026-01-13T05:46:33","modified_gmt":"2026-01-13T05:46:33","slug":"zohour-alaoui-entame-son-mandat-en-tant-que-presidente-du-ca-de-linstitut-de-lunesco-pour-lapprentissage-tout-au-long-de-la-vie-3","status":"publish","type":"post","link":"https:\/\/www.europesays.com\/africa\/20106\/","title":{"rendered":"Zohour Alaoui entame son mandat en tant que pr\u00e9sidente du CA de l\u2019Institut de l\u2019UNESCO pour l\u2019apprentissage tout au long de la vie"},"content":{"rendered":"<p>\t\t\t\t\t L\u2019Organisation des Nations unies pour l\u2019\u00e9ducation, la science et la culture a annonc\u00e9 la prise de fonction de Mme Zohour Alaoui, ambassadrice du Royaume du Maroc en Allemagne, en tant que pr\u00e9sidente du Conseil d\u2019administration de l\u2019Institut de l\u2019UNESCO pour l\u2019apprentissage tout au long de la vie (UIL). <\/p>\n<p>Selon un communiqu\u00e9 de l\u2019organisation onusienne, Mme Alaoui, \u00e9lue \u00e0 ce poste de direction au sein de l\u2019UIL en d\u00e9cembre 2025, \u00abapporte une vaste exp\u00e9rience diplomatique et un engagement de longue date en faveur de la coop\u00e9ration multilat\u00e9rale\u00bb. <\/p>\n<p>Et d\u2019ajouter que sa prise de fonction en tant que pr\u00e9sidente du Conseil d\u2019administration de l\u2019Institut de l\u2019UNESCO pour l\u2019apprentissage tout au long de la vie \u00ab marque une nouvelle \u00e9tape dans la mission de l\u2019UIL visant \u00e0 promouvoir l\u2019apprentissage tout au long de la vie en tant que bien commun et moteur de soci\u00e9t\u00e9s pacifiques et justes \u00bb. <\/p>\n<p>Ambassadrice du Maroc en Allemagne depuis 2019, Mme Zohour Alaoui a occup\u00e9 des postes de direction prestigieux tout au long de sa carri\u00e8re, rel\u00e8ve l\u2019UNESCO, rappelant que la diplomate a notamment \u00e9t\u00e9 directrice de la Division des Nations unies et des organisations internationales au minist\u00e8re marocain des Affaires \u00e9trang\u00e8res, ambassada en Su\u00e8de et en Lettonie, ainsi que d\u00e9l\u00e9gu\u00e9e permanente aupr\u00e8s de l\u2019UNESCO o\u00f9 elle a pr\u00e9sid\u00e9 la 39e session de la Conf\u00e9rence g\u00e9n\u00e9rale de l\u2019UNESCO. <\/p>\n<p>A rappeler que l\u2019\u00e9lection du Maroc en la personne de Mme Zohour Alaoui \u00e0 la pr\u00e9sidence du Conseil d\u2019administration de l\u2019Institut de l\u2019UNESCO pour l\u2019apprentissage tout au long de la vie pour la p\u00e9riode 2026-2028, intervenait \u00e0 l\u2019unanimit\u00e9 des membres, au terme des travaux de la 21\u00e8me r\u00e9union du Conseil d\u2019administration de l\u2019UIL, tenue r\u00e9cemment \u00e0 Hambourg. <\/p>\n<p>Cette session avait \u00e9galement vu l\u2019\u00e9lection de l\u2019ex-vice-pr\u00e9sidente et ministre des Affaires \u00e9trang\u00e8res du Costa Rica, Mme Epsy Campbell Barr, en tant que vice-pr\u00e9sidente du Conseil d\u2019administration de cet Institut onusien.\n\t\t\t\t <\/p>\n","protected":false},"excerpt":{"rendered":"L\u2019Organisation des Nations unies pour l\u2019\u00e9ducation, la science et la culture a annonc\u00e9 la prise de fonction de&hellip;\n","protected":false},"author":2,"featured_media":20107,"comment_status":"","ping_status":"","sticky":false,"template":"","format":"standard","meta":{"footnotes":""},"categories":[41],"tags":[12543,12544,10951,158,12545,10953],"class_list":{"0":"post-20106","1":"post","2":"type-post","3":"status-publish","4":"format-standard","5":"has-post-thumbnail","7":"category-maroc","8":"tag-apprentissage-tout-au-long-de-la-vie","9":"tag-institut-de-lunesco","10":"tag-mandat","11":"tag-maroc","12":"tag-presidente-du-ca","13":"tag-zohour-alaoui"},"share_on_mastodon":{"url":"","error":""},"_links":{"self":[{"href":"https:\/\/www.europesays.com\/africa\/wp-json\/wp\/v2\/posts\/20106","targetHints":{"allow":["GET"]}}],"collection":[{"href":"https:\/\/www.europesays.com\/africa\/wp-json\/wp\/v2\/posts"}],"about":[{"href":"https:\/\/www.europesays.com\/africa\/wp-json\/wp\/v2\/types\/post"}],"author":[{"embeddable":true,"href":"https:\/\/www.europesays.com\/africa\/wp-json\/wp\/v2\/users\/2"}],"replies":[{"embeddable":true,"href":"https:\/\/www.europesays.com\/africa\/wp-json\/wp\/v2\/comments?post=20106"}],"version-history":[{"count":0,"href":"https:\/\/www.europesays.com\/africa\/wp-json\/wp\/v2\/posts\/20106\/revisions"}],"wp:featuredmedia":[{"embeddable":true,"href":"https:\/\/www.europesays.com\/africa\/wp-json\/wp\/v2\/media\/20107"}],"wp:attachment":[{"href":"https:\/\/www.europesays.com\/africa\/wp-json\/wp\/v2\/media?parent=20106"}],"wp:term":[{"taxonomy":"category","embeddable":true,"href":"https:\/\/www.europesays.com\/africa\/wp-json\/wp\/v2\/categories?post=20106"},{"taxonomy":"post_tag","embeddable":true,"href":"https:\/\/www.europesays.com\/africa\/wp-json\/wp\/v2\/tags?post=20106"}],"curies":[{"name":"wp","href":"https:\/\/api.w.org\/{rel}","templated":true}]}}