{"id":20120,"date":"2026-01-13T06:00:37","date_gmt":"2026-01-13T06:00:37","guid":{"rendered":"https:\/\/www.europesays.com\/africa\/20120\/"},"modified":"2026-01-13T06:00:37","modified_gmt":"2026-01-13T06:00:37","slug":"maroc-des-fossiles-de-773-000-ans-revelent-un-ancetre-cle-de-lhumanite","status":"publish","type":"post","link":"https:\/\/www.europesays.com\/africa\/20120\/","title":{"rendered":"Maroc : des fossiles de 773 000 ans r\u00e9v\u00e8lent un anc\u00eatre cl\u00e9 de l&#8217;humanit\u00e9"},"content":{"rendered":"<p>Une \u00e9quipe scientifique internationale vient de publier dans la prestigieuse revue Nature, l\u2019analyse de fossiles humains exhum\u00e9s \u00e0 Casablanca, au Maroc, datant de 773 000 ans. Ces vestiges, d\u00e9couverts dans la carri\u00e8re Thomas I, comblent un vide crucial dans la compr\u00e9hension de l\u2019\u00e9volution humaine. Ils apportent des preuves d\u00e9terminantes sur l\u2019origine africaine d\u2019Homo sapiens et \u00e9clairent une p\u00e9riode charni\u00e8re o\u00f9 les lign\u00e9es humaines ont commenc\u00e9 \u00e0 diverger.<\/p>\n<p>La publication du 7 janvier 2026 marque l\u2019aboutissement de plusieurs d\u00e9cennies de recherches men\u00e9es dans le cadre du programme maroco-fran\u00e7ais \u00ab\u00a0Pr\u00e9histoire de Casablanca\u00a0\u00bb. Les scientifiques ont pr\u00e9sent\u00e9 une datation d\u2019une pr\u00e9cision remarquable gr\u00e2ce \u00e0 l\u2019analyse magn\u00e9tostratigraphique des s\u00e9diments entourant les ossements. Cette technique a permis d\u2019identifier le dernier renversement majeur du champ magn\u00e9tique terrestre, survenu il y a exactement 773 000 ans, offrant ainsi un rep\u00e8re temporel exceptionnel pour situer ces hominines.<\/p>\n<p>Les vestiges mis au jour comprennent deux mandibules d\u2019adultes, une m\u00e2choire d\u2019enfant, plusieurs dents, des vert\u00e8bres et un fragment de f\u00e9mur portant des traces de morsures, probablement inflig\u00e9es par une hy\u00e8ne. Ces restes ont \u00e9t\u00e9 d\u00e9couverts dans la \u00ab\u00a0Grotte \u00e0 Hominid\u00e9s\u00a0\u00bb, une cavit\u00e9 qui servait \u00e9galement de repaire \u00e0 divers carnivores, t\u00e9moignant d\u2019un environnement o\u00f9 cohabitaient hominines et pr\u00e9dateurs. Jean-Jacques Hublin, pal\u00e9oanthropologue au Coll\u00e8ge de France et \u00e0 l\u2019Institut Max Planck, a dirig\u00e9 l\u2019\u00e9quipe internationale aux c\u00f4t\u00e9s d\u2019Abderrahim Mohib de l\u2019Institut national des sciences de l\u2019arch\u00e9ologie et du patrimoine marocain.<\/p>\n<p>Une mosa\u00efque de caract\u00e8res primitifs et modernes<\/p>\n<p>L\u2019analyse morphologique r\u00e9v\u00e8le que ces hominines pr\u00e9sentaient un ensemble fascinant de traits archa\u00efques et d\u00e9riv\u00e9s. Leurs mandibules graciles et leurs molaires rappellent certaines caract\u00e9ristiques d\u2019Homo sapiens et des N\u00e9andertaliens, tandis que d\u2019autres \u00e9l\u00e9ments anatomiques \u00e9voquent Homo erectus. Cette combinaison place ces fossiles pr\u00e8s de la base de la lign\u00e9e qui a finalement donn\u00e9 naissance \u00e0 notre esp\u00e8ce, mais aussi aux N\u00e9andertaliens et aux D\u00e9nisoviens. Les chercheurs estiment que ces trois groupes se sont s\u00e9par\u00e9s d\u2019un anc\u00eatre commun il y a entre 765 000 et 550 000 ans.<\/p>\n<p>L\u2019histoire des migrations humaines hors d\u2019Afrique s\u2019est d\u00e9roul\u00e9e en plusieurs vagues successives sur des centaines de milliers d\u2019ann\u00e9es. Les premi\u00e8res sorties du continent africain remontent \u00e0 environ 1,8 million d\u2019ann\u00e9es avec Homo erectus, qui a colonis\u00e9 l\u2019Asie et l\u2019Europe. Bien plus tard, il y a environ 70 000 \u00e0 100 000 ans, les populations d\u2019Homo sapiens ont entrepris leur propre expansion, empruntant principalement deux routes : le corridor du Levant au nord-est, reliant l\u2019Afrique \u00e0 l\u2019Asie via l\u2019actuel Moyen-Orient, et possiblement le d\u00e9troit de Bab el-Mandeb au sud, entre la Corne de l\u2019Afrique et la p\u00e9ninsule arabique. Ces migrations ont conduit nos anc\u00eatres \u00e0 peupler progressivement l\u2019Eurasie, l\u2019Oc\u00e9anie puis les Am\u00e9riques, tout en rencontrant et se m\u00e9tissant parfois avec d\u2019autres esp\u00e8ces humaines comme les N\u00e9andertaliens en Europe et les D\u00e9nisoviens en Asie. Cette diaspora mondiale trouve donc ses racines profondes dans les populations africaines dont t\u00e9moignent les fossiles marocains.<\/p>\n<p>Un cha\u00eenon manquant dans l\u2019arbre g\u00e9n\u00e9alogique africain<\/p>\n<p>Cette d\u00e9couverte r\u00e9sout une \u00e9nigme majeure de la pal\u00e9oanthropologie. Jusqu\u2019\u00e0 pr\u00e9sent, les archives fossiles africaines pr\u00e9sentaient un vide troublant entre un million d\u2019ann\u00e9es et 500 000 ans, pr\u00e9cis\u00e9ment la p\u00e9riode o\u00f9 les lign\u00e9es humaines modernes auraient d\u00fb \u00e9merger. Le Maroc avait d\u00e9j\u00e0 livr\u00e9 les plus anciens fossiles d\u2019Homo sapiens connus, d\u00e9couverts \u00e0 Jebel Irhoud et dat\u00e9s de 300 000 ans, mais l\u2019absence d\u2019anc\u00eatres plausibles pour cette p\u00e9riode ant\u00e9rieure posait question. Les nouveaux sp\u00e9cimens de Casablanca abolissent d\u00e9sormais ce manque.<\/p>\n<p>Contrairement aux fossiles europ\u00e9ens d\u2019Homo antecessor d\u00e9couverts en Espagne et datant d\u2019une \u00e9poque similaire, les hominines marocains pr\u00e9sentent des diff\u00e9rences morphologiques significatives. Cette distinction sugg\u00e8re qu\u2019une diff\u00e9renciation r\u00e9gionale entre populations europ\u00e9ennes et nord-africaines \u00e9tait d\u00e9j\u00e0 \u00e0 l\u2019\u0153uvre il y a pr\u00e8s de 800 000 ans. Les chercheurs pr\u00e9f\u00e8rent qualifier ces sp\u00e9cimens d&#8217;\u00a0\u00bbHomo erectus tardifs au sens large\u00ab\u00a0, reconnaissant leur position transitoire dans l\u2019\u00e9volution humaine.<\/p>\n<p>La collaboration institutionnelle entre le Maroc et la France, impliquant \u00e9galement des universit\u00e9s de Montpellier, Bordeaux, Milan et le Mus\u00e9um national d\u2019histoire naturelle fran\u00e7ais, montre l\u2019importance d\u2019une approche internationale pour comprendre nos origines. Ces travaux renforcent l\u2019hypoth\u00e8se selon laquelle tant Homo sapiens que l\u2019anc\u00eatre commun aux humains modernes, N\u00e9andertaliens et D\u00e9nisoviens, trouvent leurs racines en Afrique, red\u00e9finissant ainsi notre compr\u00e9hension de l\u2019arbre g\u00e9n\u00e9alogique humain et soulignant le r\u00f4le central du continent africain dans l\u2019\u00e9mergence de l\u2019humanit\u00e9.<\/p>\n","protected":false},"excerpt":{"rendered":"Une \u00e9quipe scientifique internationale vient de publier dans la prestigieuse revue Nature, l\u2019analyse de fossiles humains exhum\u00e9s \u00e0&hellip;\n","protected":false},"author":2,"featured_media":20121,"comment_status":"","ping_status":"","sticky":false,"template":"","format":"standard","meta":{"footnotes":""},"categories":[41],"tags":[158],"class_list":{"0":"post-20120","1":"post","2":"type-post","3":"status-publish","4":"format-standard","5":"has-post-thumbnail","7":"category-maroc","8":"tag-maroc"},"share_on_mastodon":{"url":"","error":""},"_links":{"self":[{"href":"https:\/\/www.europesays.com\/africa\/wp-json\/wp\/v2\/posts\/20120","targetHints":{"allow":["GET"]}}],"collection":[{"href":"https:\/\/www.europesays.com\/africa\/wp-json\/wp\/v2\/posts"}],"about":[{"href":"https:\/\/www.europesays.com\/africa\/wp-json\/wp\/v2\/types\/post"}],"author":[{"embeddable":true,"href":"https:\/\/www.europesays.com\/africa\/wp-json\/wp\/v2\/users\/2"}],"replies":[{"embeddable":true,"href":"https:\/\/www.europesays.com\/africa\/wp-json\/wp\/v2\/comments?post=20120"}],"version-history":[{"count":0,"href":"https:\/\/www.europesays.com\/africa\/wp-json\/wp\/v2\/posts\/20120\/revisions"}],"wp:featuredmedia":[{"embeddable":true,"href":"https:\/\/www.europesays.com\/africa\/wp-json\/wp\/v2\/media\/20121"}],"wp:attachment":[{"href":"https:\/\/www.europesays.com\/africa\/wp-json\/wp\/v2\/media?parent=20120"}],"wp:term":[{"taxonomy":"category","embeddable":true,"href":"https:\/\/www.europesays.com\/africa\/wp-json\/wp\/v2\/categories?post=20120"},{"taxonomy":"post_tag","embeddable":true,"href":"https:\/\/www.europesays.com\/africa\/wp-json\/wp\/v2\/tags?post=20120"}],"curies":[{"name":"wp","href":"https:\/\/api.w.org\/{rel}","templated":true}]}}