{"id":20138,"date":"2026-01-13T06:14:12","date_gmt":"2026-01-13T06:14:12","guid":{"rendered":"https:\/\/www.europesays.com\/africa\/20138\/"},"modified":"2026-01-13T06:14:12","modified_gmt":"2026-01-13T06:14:12","slug":"sebta-et-melilia-doivent-revenir-au-maroc-mais-la-guerre-nest-pas-une-option-h24info","status":"publish","type":"post","link":"https:\/\/www.europesays.com\/africa\/20138\/","title":{"rendered":"\u00abSebta et Melilia doivent revenir au Maroc, mais la guerre n\u2019est pas une option\u00bb , H24info"},"content":{"rendered":"<p>La r\u00e9daction vous conseille<\/p>\n<p><a href=\"https:\/\/h24info.ma\/economie\/au-maroc-la-dette-du-tresor-devrait-atteindre-1-140-mmdh-en-2025\/\" class=\"h24-ranking-profile-link\" data-h24-domain=\"H24info\" rel=\"nofollow noopener\" target=\"_blank\"><\/p>\n<p>Au Maroc, la dette du tr\u00e9sor devrait atteindre 1.140 MMDH en 2025<br \/>\n<\/a><\/p>\n<p class=\"h24-ranking-profile-standfirst\">\nL\u2019ancien Chef du gouvernement et leader du PJD, Abdelilah Benkirane, a r\u00e9affirm\u00e9 dimanche \u00e0 F\u00e8s la revendication marocaine sur les villes <a href=\"https:\/\/h24info.ma\/economie\/au-maroc-la-dette-du-tresor-devrait-atteindre-1-140-mmdh-en-2025\/\" style=\"color:#002fff;\" rel=\"nofollow noopener\" target=\"_blank\">Lire la suite<\/a> <\/p>\n<p><a href=\"https:\/\/h24info.ma\/maroc\/washington-vente-missiles-les-f-16-marocains\/\" class=\"h24-ranking-profile-link\" data-h24-domain=\"H24info\" rel=\"nofollow noopener\" target=\"_blank\"><\/p>\n<p>Washington valide la vente de missiles destin\u00e9s \u00e0 renforcer les F\u201116 marocains<br \/>\n<\/a><\/p>\n<p class=\"h24-ranking-profile-standfirst\">\nL\u2019ancien Chef du gouvernement et leader du PJD, Abdelilah Benkirane, a r\u00e9affirm\u00e9 dimanche \u00e0 F\u00e8s la revendication marocaine sur les villes <a href=\"https:\/\/h24info.ma\/maroc\/washington-vente-missiles-les-f-16-marocains\/\" style=\"color:#002fff;\" rel=\"nofollow noopener\" target=\"_blank\">Lire la suite<\/a> <\/p>\n<p><a href=\"https:\/\/h24info.ma\/maroc\/politique\/rni-course-succession-aziz-akhannouch\/\" class=\"h24-ranking-profile-link\" data-h24-domain=\"H24info\" rel=\"nofollow noopener\" target=\"_blank\"><\/p>\n<p>Le RNI ouvre la course \u00e0 la succession d\u2019Aziz Akhannouch<br \/>\n<\/a><\/p>\n<p class=\"h24-ranking-profile-standfirst\">\nL\u2019ancien Chef du gouvernement et leader du PJD, Abdelilah Benkirane, a r\u00e9affirm\u00e9 dimanche \u00e0 F\u00e8s la revendication marocaine sur les villes <a href=\"https:\/\/h24info.ma\/maroc\/politique\/rni-course-succession-aziz-akhannouch\/\" style=\"color:#002fff;\" rel=\"nofollow noopener\" target=\"_blank\">Lire la suite<\/a> <\/p>\n<p><a href=\"https:\/\/h24info.ma\/maroc\/la-presidente-de-la-haca-latifa-akharbach-en-mission-dobservation-electorale-au-benin\/\" class=\"h24-ranking-profile-link\" data-h24-domain=\"H24info\" rel=\"nofollow noopener\" target=\"_blank\"><\/p>\n<p>La pr\u00e9sidente de la HACA Latifa Akharbach en mission d\u2019observation \u00e9lectorale au B\u00e9nin<br \/>\n<\/a><\/p>\n<p class=\"h24-ranking-profile-standfirst\">\nL\u2019ancien Chef du gouvernement et leader du PJD, Abdelilah Benkirane, a r\u00e9affirm\u00e9 dimanche \u00e0 F\u00e8s la revendication marocaine sur les villes <a href=\"https:\/\/h24info.ma\/maroc\/la-presidente-de-la-haca-latifa-akharbach-en-mission-dobservation-electorale-au-benin\/\" style=\"color:#002fff;\" rel=\"nofollow noopener\" target=\"_blank\">Lire la suite<\/a> <\/p>\n","protected":false},"excerpt":{"rendered":"La r\u00e9daction vous conseille Au Maroc, la dette du tr\u00e9sor devrait atteindre 1.140 MMDH en 2025 L\u2019ancien Chef&hellip;\n","protected":false},"author":2,"featured_media":20139,"comment_status":"","ping_status":"","sticky":false,"template":"","format":"standard","meta":{"footnotes":""},"categories":[41],"tags":[158],"class_list":{"0":"post-20138","1":"post","2":"type-post","3":"status-publish","4":"format-standard","5":"has-post-thumbnail","7":"category-maroc","8":"tag-maroc"},"share_on_mastodon":{"url":"","error":""},"_links":{"self":[{"href":"https:\/\/www.europesays.com\/africa\/wp-json\/wp\/v2\/posts\/20138","targetHints":{"allow":["GET"]}}],"collection":[{"href":"https:\/\/www.europesays.com\/africa\/wp-json\/wp\/v2\/posts"}],"about":[{"href":"https:\/\/www.europesays.com\/africa\/wp-json\/wp\/v2\/types\/post"}],"author":[{"embeddable":true,"href":"https:\/\/www.europesays.com\/africa\/wp-json\/wp\/v2\/users\/2"}],"replies":[{"embeddable":true,"href":"https:\/\/www.europesays.com\/africa\/wp-json\/wp\/v2\/comments?post=20138"}],"version-history":[{"count":0,"href":"https:\/\/www.europesays.com\/africa\/wp-json\/wp\/v2\/posts\/20138\/revisions"}],"wp:featuredmedia":[{"embeddable":true,"href":"https:\/\/www.europesays.com\/africa\/wp-json\/wp\/v2\/media\/20139"}],"wp:attachment":[{"href":"https:\/\/www.europesays.com\/africa\/wp-json\/wp\/v2\/media?parent=20138"}],"wp:term":[{"taxonomy":"category","embeddable":true,"href":"https:\/\/www.europesays.com\/africa\/wp-json\/wp\/v2\/categories?post=20138"},{"taxonomy":"post_tag","embeddable":true,"href":"https:\/\/www.europesays.com\/africa\/wp-json\/wp\/v2\/tags?post=20138"}],"curies":[{"name":"wp","href":"https:\/\/api.w.org\/{rel}","templated":true}]}}