{"id":20170,"date":"2026-01-13T06:41:08","date_gmt":"2026-01-13T06:41:08","guid":{"rendered":"https:\/\/www.europesays.com\/africa\/20170\/"},"modified":"2026-01-13T06:41:08","modified_gmt":"2026-01-13T06:41:08","slug":"sundgau-un-mini-terrain-de-basket-au-senegal-le-projet-de-lillfurthois-eric-mauel-concretise","status":"publish","type":"post","link":"https:\/\/www.europesays.com\/africa\/20170\/","title":{"rendered":"Sundgau. Un mini-terrain de basket au S\u00e9n\u00e9gal, le projet de l&#8217;Illfurthois\u00a0Eric Mauel concr\u00e9tis\u00e9"},"content":{"rendered":"<p>Parti au S\u00e9n\u00e9gal le 22\u00a0octobre dernier, le Sundgauvien Eric Mauel est revenu passer les f\u00eates en France avec un sourire jusqu\u2019aux oreilles et des souvenirs plein la t\u00eate. Et pour cause, son projet de construction d\u2019un mini-terrain de basket dans la cour de l\u2019\u00e9cole primaire de Malicounda a pu se concr\u00e9tiser au mois de d\u00e9cembre. Les jeunes \u00e9l\u00e8ves s\u00e9n\u00e9galais peuvent d\u00e9sormais pratiquer le basket-ball au quotidien pour le plus grand bonheur des professeurs et de la directrice de l\u2019\u00e9cole.<\/p>\n<p>  Deux cents\u00a0\u00e9coliers vont profiter du terrain<\/p>\n<p>D\u00e9j\u00e0 \u00e0 l\u2019initiative de plusieurs projets solidaires dans cette \u00e9cole qui accueille au quotidien 200 \u00e9coliers, <a href=\"https:\/\/www.lalsace.fr\/societe\/2025\/10\/15\/construire-un-terrain-de-basket-au-senegal-le-beau-projet-d-un-sundgauvien\" target=\"_blank\" rel=\"nofollow noopener\">le basketteur illfurthois Eric Mauel<\/a> avait envie d\u2019\u00e9pauler l\u2019\u00e9tablissement dans un nouveau d\u00e9fi. \u00ab\u00a0Je voulais apporter un petit plus \u00e0 la cour, dont le sol est en sable. L\u2019id\u00e9e \u00e9tait d\u2019avoir un endroit en dur, avec deux paniers de part et d\u2019autre, afin qu\u2019ils puissent faire des activit\u00e9s sportives. Cela donnera d\u2019autant plus envie aux enfants de venir \u00e0 l\u2019\u00e9cole.\u00a0\u00bb<\/p>\n<p>  Le Basket Nord Sundgau en soutien<\/p>\n<p>Gr\u00e2ce au soutien du club de c\u0153ur d\u2019Eric Mauel, le Basket Nord Sundgau (bas\u00e9 \u00e0 Illfurth et Spechbach), et des diff\u00e9rents donateurs, la construction du terrain et l\u2019installation de paniers ont pu \u00eatre r\u00e9alis\u00e9s durant les sept semaines de pr\u00e9sence du Sundgauvien au S\u00e9n\u00e9gal. Eric Mauel a \u00e9t\u00e9 \u00e9paul\u00e9 sur place par plusieurs locaux pour les travaux et dons de mat\u00e9riel\u00a0: Diop, Aliou, Pape, Awa, Diaby et le club de basket Elite Mbour. Les murs entourant le terrain ont m\u00eame pu \u00eatre agr\u00e9ment\u00e9s de dessins de basketteurs et basketteuses ainsi que le logo du Basket Nord Sundgau r\u00e9alis\u00e9 par un des professeurs de l\u2019\u00e9cole, Ya Seydi.<\/p>\n<p>Avant le retour en France d\u2019Eric Mauel, une f\u00eate a \u00e9t\u00e9 organis\u00e9e pour inaugurer le terrain. C\u2019est avec les yeux embu\u00e9s que le basketteur sundgauvien a pu observer la joie des enfants s\u00e9n\u00e9galais et de leurs professeurs lorsqu\u2019ils dribblaient et marquaient des paniers.<\/p>\n","protected":false},"excerpt":{"rendered":"Parti au S\u00e9n\u00e9gal le 22\u00a0octobre dernier, le Sundgauvien Eric Mauel est revenu passer les f\u00eates en France avec&hellip;\n","protected":false},"author":2,"featured_media":20171,"comment_status":"","ping_status":"","sticky":false,"template":"","format":"standard","meta":{"footnotes":""},"categories":[48],"tags":[12602,12605,1143,295,12603,12604,159,239,294],"class_list":{"0":"post-20170","1":"post","2":"type-post","3":"status-publish","4":"format-standard","5":"has-post-thumbnail","7":"category-senegal","8":"tag-basket-ball","9":"tag-edition-sundgau-trois-frontieres","10":"tag-education","11":"tag-fil-info","12":"tag-illfurth","13":"tag-secteur-daltkirch","14":"tag-senegal","15":"tag-societe","16":"tag-vie-associative"},"share_on_mastodon":{"url":"","error":""},"_links":{"self":[{"href":"https:\/\/www.europesays.com\/africa\/wp-json\/wp\/v2\/posts\/20170","targetHints":{"allow":["GET"]}}],"collection":[{"href":"https:\/\/www.europesays.com\/africa\/wp-json\/wp\/v2\/posts"}],"about":[{"href":"https:\/\/www.europesays.com\/africa\/wp-json\/wp\/v2\/types\/post"}],"author":[{"embeddable":true,"href":"https:\/\/www.europesays.com\/africa\/wp-json\/wp\/v2\/users\/2"}],"replies":[{"embeddable":true,"href":"https:\/\/www.europesays.com\/africa\/wp-json\/wp\/v2\/comments?post=20170"}],"version-history":[{"count":0,"href":"https:\/\/www.europesays.com\/africa\/wp-json\/wp\/v2\/posts\/20170\/revisions"}],"wp:featuredmedia":[{"embeddable":true,"href":"https:\/\/www.europesays.com\/africa\/wp-json\/wp\/v2\/media\/20171"}],"wp:attachment":[{"href":"https:\/\/www.europesays.com\/africa\/wp-json\/wp\/v2\/media?parent=20170"}],"wp:term":[{"taxonomy":"category","embeddable":true,"href":"https:\/\/www.europesays.com\/africa\/wp-json\/wp\/v2\/categories?post=20170"},{"taxonomy":"post_tag","embeddable":true,"href":"https:\/\/www.europesays.com\/africa\/wp-json\/wp\/v2\/tags?post=20170"}],"curies":[{"name":"wp","href":"https:\/\/api.w.org\/{rel}","templated":true}]}}