{"id":20172,"date":"2026-01-13T06:42:10","date_gmt":"2026-01-13T06:42:10","guid":{"rendered":"https:\/\/www.europesays.com\/africa\/20172\/"},"modified":"2026-01-13T06:42:10","modified_gmt":"2026-01-13T06:42:10","slug":"lancement-dun-centre-technique-des-cultures-oleagineuses-aujourdhui-le-maroc","status":"publish","type":"post","link":"https:\/\/www.europesays.com\/africa\/20172\/","title":{"rendered":"Lancement d\u2019un centre technique des cultures ol\u00e9agineuses \u2013 Aujourd&#8217;hui le Maroc"},"content":{"rendered":"<p>Agriculture<br \/>Renforcer l\u2019accompagnement de proximit\u00e9 des agriculteurs et contribuer \u00e0 la structuration de la fili\u00e8re ol\u00e9agineuse pour la souverainet\u00e9 alimentaire du Royaume, tel est l\u2019objectif promu par le centre technique d\u00e9di\u00e9 aux cultures ol\u00e9agineuses r\u00e9cemment op\u00e9rationnel \u00e0 Mekn\u00e8s. Cette nouvelle structure, implant\u00e9e au sein de l\u2019Agropole de Mekn\u00e8s, s\u2019inscrit dans une dynamique de partenariat entre les acteurs professionnels et institutionnels nationaux et internationaux, visant \u00e0 am\u00e9liorer la performance des cultures du colza et du tournesol, dans un contexte marqu\u00e9 par les d\u00e9fis climatiques et la pression sur les ressources naturelles.<br \/>Port\u00e9e par un partenariat associant la FOLEA (F\u00e9d\u00e9ration interprofessionnelle des ol\u00e9agineux), la GIOM (Groupement des industriels ol\u00e9agineux du Maroc), le Groupe Avril et l\u2019association d\u2019agriculteurs \u00abAgropol\u00bb, aux c\u00f4t\u00e9s de partenaires publics, cette structure s\u2019assigne pour objectif de renforcer l\u2019accompagnement technique des agriculteurs et de structurer durablement la fili\u00e8re ol\u00e9agineuse, de l\u2019amont agricole \u00e0 l\u2019aval industriel. \u00c0 travers cette nouvelle structure, les partenaires ambitionnent de faire du service agricole de proximit\u00e9 un pilier du d\u00e9veloppement des cultures ol\u00e9agineuses, en pla\u00e7ant l\u2019agriculteur au c\u0153ur du dispositif et en jetant les bases d\u2019une fili\u00e8re durable, comp\u00e9titive et mieux int\u00e9gr\u00e9e aux niveaux r\u00e9gional et national.<\/p>\n","protected":false},"excerpt":{"rendered":"AgricultureRenforcer l\u2019accompagnement de proximit\u00e9 des agriculteurs et contribuer \u00e0 la structuration de la fili\u00e8re ol\u00e9agineuse pour la souverainet\u00e9&hellip;\n","protected":false},"author":2,"featured_media":20173,"comment_status":"","ping_status":"","sticky":false,"template":"","format":"standard","meta":{"footnotes":""},"categories":[41],"tags":[158],"class_list":{"0":"post-20172","1":"post","2":"type-post","3":"status-publish","4":"format-standard","5":"has-post-thumbnail","7":"category-maroc","8":"tag-maroc"},"share_on_mastodon":{"url":"","error":""},"_links":{"self":[{"href":"https:\/\/www.europesays.com\/africa\/wp-json\/wp\/v2\/posts\/20172","targetHints":{"allow":["GET"]}}],"collection":[{"href":"https:\/\/www.europesays.com\/africa\/wp-json\/wp\/v2\/posts"}],"about":[{"href":"https:\/\/www.europesays.com\/africa\/wp-json\/wp\/v2\/types\/post"}],"author":[{"embeddable":true,"href":"https:\/\/www.europesays.com\/africa\/wp-json\/wp\/v2\/users\/2"}],"replies":[{"embeddable":true,"href":"https:\/\/www.europesays.com\/africa\/wp-json\/wp\/v2\/comments?post=20172"}],"version-history":[{"count":0,"href":"https:\/\/www.europesays.com\/africa\/wp-json\/wp\/v2\/posts\/20172\/revisions"}],"wp:featuredmedia":[{"embeddable":true,"href":"https:\/\/www.europesays.com\/africa\/wp-json\/wp\/v2\/media\/20173"}],"wp:attachment":[{"href":"https:\/\/www.europesays.com\/africa\/wp-json\/wp\/v2\/media?parent=20172"}],"wp:term":[{"taxonomy":"category","embeddable":true,"href":"https:\/\/www.europesays.com\/africa\/wp-json\/wp\/v2\/categories?post=20172"},{"taxonomy":"post_tag","embeddable":true,"href":"https:\/\/www.europesays.com\/africa\/wp-json\/wp\/v2\/tags?post=20172"}],"curies":[{"name":"wp","href":"https:\/\/api.w.org\/{rel}","templated":true}]}}