{"id":20205,"date":"2026-01-13T07:09:11","date_gmt":"2026-01-13T07:09:11","guid":{"rendered":"https:\/\/www.europesays.com\/africa\/20205\/"},"modified":"2026-01-13T07:09:11","modified_gmt":"2026-01-13T07:09:11","slug":"regragui-thiaw-chelle-et-hassan-quand-les-entraineurs-africains-prennent-le-pouvoir-a-la-can","status":"publish","type":"post","link":"https:\/\/www.europesays.com\/africa\/20205\/","title":{"rendered":"Regragui, Thiaw, Chelle et Hassan : quand les entra\u00eeneurs africains prennent le pouvoir \u00e0 la CAN"},"content":{"rendered":"<p><a href=\"https:\/\/www.france24.com\/fr\/sports\/20260110-maroc-senegal-nigeria-egypte-carre-as-sacre-can-2025\" target=\"_self\" rel=\"nofollow noopener\">Maroc, Nigeria, S\u00e9n\u00e9gal et \u00c9gypte\u2026<\/a> Quatre g\u00e9ants d&#8217;Afrique qui vont s&#8217;affronter dans le dernier carr\u00e9 de <a href=\"https:\/\/www.france24.com\/fr\/dossier\/can\/\" target=\"_self\" rel=\"nofollow noopener\">la CAN 2025 <\/a>pour d\u00e9crocher la couronne continentale. Mais la 35e\u00a0\u00e9dition de la Coupe d&#8217;Afrique fera date en raison d&#8217;un point commun entre ces quatre s\u00e9lections\u00a0: toutes ont \u00e9t\u00e9 men\u00e9es jusqu&#8217;\u00e0 ce stade gr\u00e2ce \u00e0 un s\u00e9lectionneur issu du continent.<\/p>\n<p>Le S\u00e9n\u00e9gal de Pape Thiaw et le Nigeria d&#8217;\u00c9ric Chelle ont en effet \u00e9limin\u00e9 les derni\u00e8res s\u00e9lections coach\u00e9es par des Europ\u00e9ens durant les quarts de finale, respectivement le <a href=\"https:\/\/www.france24.com\/fr\/sports\/20260109-can-2025-senegal-mali-resume-quarts\" target=\"_self\" rel=\"nofollow noopener\">Mali du Belge Tom Saintfiet<\/a> et <a href=\"https:\/\/www.france24.com\/fr\/sports\/20260110-can-2025-nigeria-assomme-algerie-maroc-demi-finale\" target=\"_self\" rel=\"nofollow noopener\">l&#8217;Alg\u00e9rie du Suisso-Bosniaque Vladimir Petkovi\u0107.<\/a><\/p>\n<p>Une prise de pouvoir des techniciens locaux qui se dessinait d\u00e9j\u00e0 lors des derni\u00e8res \u00e9ditions, puisque depuis 2019, le s\u00e9lectionneur vainqueur a toujours \u00e9t\u00e9 issu du continent\u00a0: l&#8217;Alg\u00e9rie de <a href=\"https:\/\/www.france24.com\/fr\/sports\/20220103-can-2022-djamel-belmadi-le-s\u00e9lectionneur-alg\u00e9rien-plus-populaire-que-le-pr\u00e9sident\" target=\"_self\" rel=\"nofollow noopener\">Djamel Belmad<\/a>i (2019), le S\u00e9n\u00e9gal d&#8217;<a href=\"https:\/\/www.france24.com\/fr\/sports\/20241002-limogeage-du-s\u00e9lectionneur-de-l-\u00e9quipe-s\u00e9n\u00e9galaise-de-football-aliou-ciss\u00e9\" target=\"_self\" rel=\"nofollow noopener\">Aliou Ciss\u00e9<\/a> (2022) et enfin la C\u00f4te d&#8217;Ivoire d&#8217;<a href=\"https:\/\/www.france24.com\/fr\/sports\/20240212-can-2024-emerse-fa\u00e9-l-homme-de-terrain-qui-a-conduit-la-c\u00f4te-d-ivoire-au-succ\u00e8s\" target=\"_self\" rel=\"nofollow noopener\">Emerse Fa\u00e9<\/a> (2024).<\/p>\n<p> La fin des &#8220;sorciers blancs&#8221;\u00a0? <\/p>\n<p>Pendant des d\u00e9cennies, le paysage des phases finales de la CAN a longtemps \u00e9t\u00e9 immuable\u00a0: quelques techniciens dits &#8220;locaux&#8221; tentaient de r\u00e9sister \u00e0 une armada de s\u00e9lectionneurs venus d&#8217;Europe ou d&#8217;Am\u00e9rique du Sud. De Claude Le Roy \u00e0 Herv\u00e9 Renard en passant par Roger Lemerre, <a href=\"https:\/\/www.france24.com\/fr\/20120120-sorciers-blancs-football-can-2012-coupe-afrique-nations-entraineur-manager-selectionneur-giresse-courbis\" target=\"_self\" rel=\"nofollow noopener\">la figure du &#8220;sorcier blanc&#8221;<\/a> \u00e9tait devenue le passage oblig\u00e9 pour toute f\u00e9d\u00e9ration en qu\u00eate de discipline tactique et de reconnaissance internationale.<\/p>\n<p><a href=\"https:\/\/www.france24.com\/fr\/sports\/20250818-can-palmares-complet-vainqueurs-histoire\" target=\"_self\" rel=\"nofollow noopener\">Jusqu&#8217;ici seule l&#8217;\u00e9dition 1965 <\/a>avait connu pareil grand chelem sur les bancs des demi-finales\u00a0: Charles Gyamfi, la l\u00e9gende du Ghana, Mokhtar Ben Nacef (Tunisie), Habib B\u00e2 et Lybasse Diop (S\u00e9n\u00e9gal) et Alphonse Bissouma Tap\u00e9 (C\u00f4te d\u2019Ivoire) \u00e9taient les pionniers de l&#8217;\u00e9poque. Cependant, cette cinqui\u00e8me \u00e9dition de la Coupe d&#8217;Afrique ne comptait alors que six \u00e9quipes participantes. Autant dire que r\u00e9aliser ce 4\/4 dans la version moderne du tournoi, qui se dispute \u00e0 24 \u00e9quipes, est d&#8217;une tout autre port\u00e9e symbolique.<\/p>\n<p class=\"a-read-more\">\u00c0 lire aussi<a href=\"https:\/\/www.france24.com\/fr\/sports\/20251206-can-2025-selectionneurs-24-equipe\" target=\"_self\" class=\"a-read-more__link\" rel=\"nofollow noopener\">CAN 2025 : ces 24 s\u00e9lectionneurs sous pression avant le coup d\u2019envoi<\/a><\/p>\n<p>Sur la ligne de d\u00e9part de la Coupe d&#8217;Afrique au Maroc, 15 des 24 s\u00e9lections \u00e9taient dirig\u00e9es par des entra\u00eeneurs africains. Onze d\u2019entre elles ont franchi la phase de groupes et six la barre des huiti\u00e8mes de finale. Alors qu&#8217;avant, l&#8217;entra\u00eeneur issu du football local \u00e9tait davantage vu comme une roue de secours, il est devenu le premier choix des f\u00e9d\u00e9rations.<\/p>\n<p>Un choix que le pr\u00e9sident de la F\u00e9d\u00e9ration camerounaise de football Samuel Eto\u2019o expliquait <a href=\"https:\/\/www.cafonline.com\/fr\/infos\/lessor-des-entraineurs-africains-une-revolution-en-marche-dans-le-football-continental\/\" target=\"_blank\" rel=\"nofollow noopener\">sur le site de la CAF<\/a>\u00a0: &#8220;Ils comprennent les joueurs et leur mentalit\u00e9. Un entra\u00eeneur africain sait ce que signifie porter le maillot et se battre pour son drapeau. Cela n\u2019a pas de prix.&#8221; Juste avant la CAN 2025, il a fait le choix de se s\u00e9parer de Marc Brys pour embaucher <a href=\"https:\/\/www.france24.com\/fr\/sports\/20251202-can-2025-david-pagou-etoo-s\u00e9lectionneur-cameroun\" target=\"_self\" rel=\"nofollow noopener\">David Pagou<\/a>, pur produit du football camerounais. Un choix payant tant le <a href=\"https:\/\/www.france24.com\/fr\/sports\/20260108-lion-indomptable-v\u00e9rites-rigobert-song-maroc-cameroun-interview\" target=\"_self\" rel=\"nofollow noopener\">Cameroun a s\u00e9duit dans la comp\u00e9tition<\/a> jusqu&#8217;\u00e0 sa d\u00e9faite en quart de finale contre le Maroc.<\/p>\n<p> Des ex-internationaux devenus coachs <\/p>\n<p>Autre point commun qui saute aux yeux concernant ce dernier carr\u00e9 historique de s\u00e9lectionneurs\u00a0: que ce soit \u00c9ric Chelle, Hossam Hassan, Walid Regragui ou Pape Thiaw, tous sont d&#8217;anciens internationaux qui ont mouill\u00e9 le maillot pour leurs s\u00e9lections respectives. \u00c9ric Chelle a \u00e9t\u00e9 capitaine des Aigles du Mali, Walid Regragui a disput\u00e9 notamment la finale de la CAN 2004 avec le Maroc, Pape Thiaw faisait partie de la g\u00e9n\u00e9ration dor\u00e9e s\u00e9n\u00e9galaise qui avait battu la France \u00e0 la Coupe du monde, tandis qu&#8217;Hossam Hassan a d\u00e9j\u00e0 remport\u00e9 deux CAN avec l&#8217;\u00c9gypte.<\/p>\n<p class=\"a-read-more\">\u00c0 lire aussi<a href=\"https:\/\/www.france24.com\/fr\/sports\/20260110-can-2025-jumeaux-hassan-ibrahim-hossan-egypte\" target=\"_self\" class=\"a-read-more__link\" rel=\"nofollow noopener\">CAN 2025 : les jumeaux Hassan, deux fr\u00e8res pour mener l&#8217;\u00c9gypte \u00e0 son 8e sacre<\/a><\/p>\n<p>Surtout, ces techniciens arrivent avec des r\u00e9f\u00e9rences solides sur le banc. Walid Regragui a bris\u00e9 un plafond de verre mondial en emmenant le Maroc <a href=\"https:\/\/www.france24.com\/fr\/sports\/20220823-walid-regragui-une-aura-de-gagnant-pour-mener-le-maroc-au-mondial-2022\" target=\"_self\" rel=\"nofollow noopener\">en demi-finale de la Coupe du monde 2022,<\/a> une premi\u00e8re pour le continent. Pape Thiaw, de son c\u00f4t\u00e9, a d\u00e9j\u00e0 go\u00fbt\u00e9 au sacre continental en remportant le CHAN 2022 (Championnat d&#8217;Afrique des nations) \u00e0 la t\u00eate de la s\u00e9lection locale du S\u00e9n\u00e9gal. Quant \u00e0 \u00c9ric Chelle, il avait d\u00e9j\u00e0 marqu\u00e9 les esprits lors de la pr\u00e9c\u00e9dente \u00e9dition en menant le Mali jusqu&#8217;en quart de finale de la CAN, confirmant son expertise tactique avant de rejoindre le banc du Nigeria.<\/p>\n<p>&#8220;Il y a un niveau de comp\u00e9tence qui a augment\u00e9 et un march\u00e9 qui s&#8217;est ouvert avec les anciens internationaux africains qui ont \u00e9pous\u00e9 la carri\u00e8re d\u2019entra\u00eeneur&#8221;, expliquait <a href=\"https:\/\/www.france24.com\/fr\/sports\/20251022-football-can-2025-maroc-confiance-entraineurs-africains-regragui-fae-cisse\" target=\"_self\" rel=\"nofollow noopener\">en novembre sur France 24<\/a> Nabil Djellit, sp\u00e9cialiste du football africain et animateur <a href=\"https:\/\/www.lequipe.fr\/Football\/Actualites\/Maghreb-fc-le-blog-de-nabil-djellit-berkane-le-nouveau-boss-du-maroc\/1557968\" target=\"_blank\" rel=\"nofollow noopener\">du blog Maghreb FC sur L&#8217;\u00c9quipe<\/a>. &#8220;Maintenant, on fait davantage confiance \u00e0 des gars qui ont eu un v\u00e9cu avec les s\u00e9lections et qui se sont form\u00e9s, qui ont jou\u00e9 en Europe.&#8221;<\/p>\n<p>Pour Nabil Djellit, cette nouvelle g\u00e9n\u00e9ration incarne ce qu&#8217;il nomme &#8220;la troisi\u00e8me voie&#8221; entre les entra\u00eeneurs locaux et \u00e9trangers\u00a0: &#8220;Ces coachs sont sur les deux rives, ils ont le v\u00e9cu du football europ\u00e9en et en m\u00eame temps connaissent parfaitement les s\u00e9lections nationales. Ils ont port\u00e9 le maillot de leur pays et sont ancr\u00e9s dans la r\u00e9alit\u00e9 du football contemporain et de ses codes.&#8221;<\/p>\n<p class=\"a-read-more\">\u00c0 lire aussi<a href=\"https:\/\/www.france24.com\/fr\/sports\/20260112-can-2025-derniers-ballon-or-afrique-demi-finales-salah-mane-osimhen-lookman-hakimi\" target=\"_self\" class=\"a-read-more__link\" rel=\"nofollow noopener\">CAN 2025 : les cinq derniers Ballon d&#8217;Or africain au rendez-vous des demi-finales<\/a><\/p>\n<p>Peu importe l&#8217;issue de la finale pr\u00e9vue au Complexe Moulay Abdellah de Rabat, le vainqueur sera Africain pour la quatri\u00e8me \u00e9dition cons\u00e9cutive. Et le message sera fort\u00a0: l&#8217;Afrique n&#8217;est plus seulement une terre de grands joueurs, mais aussi d&#8217;entra\u00eeneurs talentueux.<\/p>\n","protected":false},"excerpt":{"rendered":"Maroc, Nigeria, S\u00e9n\u00e9gal et \u00c9gypte\u2026 Quatre g\u00e9ants d&#8217;Afrique qui vont s&#8217;affronter dans le dernier carr\u00e9 de la CAN&hellip;\n","protected":false},"author":2,"featured_media":20206,"comment_status":"","ping_status":"","sticky":false,"template":"","format":"standard","meta":{"footnotes":""},"categories":[48],"tags":[10513,179,4632,311,158,122,1837,159,264],"class_list":{"0":"post-20205","1":"post","2":"type-post","3":"status-publish","4":"format-standard","5":"has-post-thumbnail","7":"category-senegal","8":"tag-analyse-can-2025","9":"tag-can-2025","10":"tag-egypte","11":"tag-football","12":"tag-maroc","13":"tag-nigeria","14":"tag-pour-aller-plus-loin","15":"tag-senegal","16":"tag-sports"},"share_on_mastodon":{"url":"","error":""},"_links":{"self":[{"href":"https:\/\/www.europesays.com\/africa\/wp-json\/wp\/v2\/posts\/20205","targetHints":{"allow":["GET"]}}],"collection":[{"href":"https:\/\/www.europesays.com\/africa\/wp-json\/wp\/v2\/posts"}],"about":[{"href":"https:\/\/www.europesays.com\/africa\/wp-json\/wp\/v2\/types\/post"}],"author":[{"embeddable":true,"href":"https:\/\/www.europesays.com\/africa\/wp-json\/wp\/v2\/users\/2"}],"replies":[{"embeddable":true,"href":"https:\/\/www.europesays.com\/africa\/wp-json\/wp\/v2\/comments?post=20205"}],"version-history":[{"count":0,"href":"https:\/\/www.europesays.com\/africa\/wp-json\/wp\/v2\/posts\/20205\/revisions"}],"wp:featuredmedia":[{"embeddable":true,"href":"https:\/\/www.europesays.com\/africa\/wp-json\/wp\/v2\/media\/20206"}],"wp:attachment":[{"href":"https:\/\/www.europesays.com\/africa\/wp-json\/wp\/v2\/media?parent=20205"}],"wp:term":[{"taxonomy":"category","embeddable":true,"href":"https:\/\/www.europesays.com\/africa\/wp-json\/wp\/v2\/categories?post=20205"},{"taxonomy":"post_tag","embeddable":true,"href":"https:\/\/www.europesays.com\/africa\/wp-json\/wp\/v2\/tags?post=20205"}],"curies":[{"name":"wp","href":"https:\/\/api.w.org\/{rel}","templated":true}]}}