{"id":20286,"date":"2026-01-13T08:03:06","date_gmt":"2026-01-13T08:03:06","guid":{"rendered":"https:\/\/www.europesays.com\/africa\/20286\/"},"modified":"2026-01-13T08:03:06","modified_gmt":"2026-01-13T08:03:06","slug":"a-la-une-le-jihad-economique-au-mali-revue-de-presse-afrique","status":"publish","type":"post","link":"https:\/\/www.europesays.com\/africa\/20286\/","title":{"rendered":"\u00c0 la Une: le jihad \u00e9conomique au Mali &#8211; Revue de presse Afrique"},"content":{"rendered":"<p>Ces derniers mois, il y avait les attaques contre les convois de carburant. \u00ab\u00a0Au plus fort de la crise, rappelle <a target=\"_blank\" href=\"https:\/\/www.jeuneafrique.com\/1755863\/politique\/au-mali-les-jihadistes-attaquent-trois-usines-dans-la-region-de-kayes\/\" rel=\"nofollow noopener\">Jeune Afrique<\/a>, en octobre et novembre, Bamako avait subi d\u2019importantes p\u00e9nuries, grippant l\u2019\u00e9conomie de la capitale et entra\u00eenant des d\u00e9lestages d\u2019\u00e9lectricit\u00e9\u00a0\u00bb.<\/p>\n<p>D\u00e9sormais, l\u2019approvisionnement en carburant de la capitale s\u2019est am\u00e9lior\u00e9, gr\u00e2ce notamment aux escortes arm\u00e9es qui encadrent les camion-citerne. Mais, autre front\u2026 Les autorit\u00e9s de Bamako doivent faire face \u00e0 des attaques de sites industriels et miniers. \u00ab\u00a0Les terroristes, apr\u00e8s le blocus \u00e9conomique, veulent emp\u00eacher les usines de tourner. Ils ont attaqu\u00e9 trois usines dimanche dans la r\u00e9gion de Kayes (ouest). Les d\u00e9g\u00e2ts sont \u00e9normes\u00a0\u00bb, confie une source s\u00e9curitaire malienne cit\u00e9e par <a target=\"_blank\" href=\"https:\/\/www.lemonde.fr\/economie\/article\/2026\/01\/12\/au-mali-des-attaques-djihadistes-contre-trois-sites-industriels-dans-l-ouest-du-pays_6661509_3234.html\" rel=\"nofollow noopener\">Le Monde Afrique<\/a>. Cette m\u00eame source assure que\u00a0\u00ab\u00a0l\u2019\u00c9tat a d\u00e9p\u00each\u00e9 des renforts sur le terrain\u00a0\u00bb. Pas moins de 160 terroristes circulant \u00e0 moto auraient pris part \u00e0 ces attaques.<\/p>\n<p> Une hausse des prix chronique\u2026 <\/p>\n<p>\u00c0 cette ins\u00e9curit\u00e9 chronique, s\u2019ajoutent les difficult\u00e9s du quotidien\u2026 \u00ab\u00a0La chert\u00e9 de la vie n\u2019est plus per\u00e7ue comme une succession de crises ponctuelles, mais comme une r\u00e9alit\u00e9 install\u00e9e, rel\u00e8ve le site d\u2019information <a target=\"_blank\" href=\"https:\/\/www.maliweb.net\/economie\/inflation-du-quotidien-les-menages-face-aux-limites-de-laction-publique-3112879.html\" rel=\"nofollow noopener\">Maliweb<\/a>, qui affecte l\u2019ensemble des couches sociales. Aliments pour b\u00e9tail, c\u00e9r\u00e9ales, transports ou produits de base connaissent des hausses r\u00e9p\u00e9t\u00e9es, sans cadre de r\u00e9gulation lisible\u00a0\u00bb.<\/p>\n<p>Maliweb qui prend l\u2019exemple du \u00ab\u00a0sac de 50 kg d\u2019aliments pour b\u00e9tail qui se n\u00e9gocie \u00e0 Bamako d\u00e9sormais entre 9000 et 16 000 FCFA, selon les march\u00e9s et les p\u00e9riodes. Un niveau qui met sous pression les m\u00e9nages pratiquant l\u2019\u00e9levage urbain de subsistance. Cette activit\u00e9, largement tol\u00e9r\u00e9e mais peu encadr\u00e9e, illustre les limites de l\u2019intervention publique dans l\u2019\u00e9conomie du quotidien, pointe le site. Ce ph\u00e9nom\u00e8ne de hausse des prix ne rel\u00e8ve pas uniquement de tensions conjoncturelles. Il s\u2019inscrit dans une d\u00e9pendance structurelle aux importations, aggrav\u00e9e par la hausse des co\u00fbts de transport, l\u2019ins\u00e9curit\u00e9 sur certains axes logistiques et la faiblesse de la production locale\u00a0\u00bb.<\/p>\n<p> L\u2019ambition d\u2019une \u00ab\u00a0souverainet\u00e9 retrouv\u00e9e\u00a0\u00bb <\/p>\n<p>Un contexte \u00e9conomique difficile qui tranche avec le discours officiel, rapport\u00e9 notamment par <a target=\"_blank\" href=\"https:\/\/saheltribune.com\/au-mali-les-nouvelles-routes-de-la-souverainete\/\" rel=\"nofollow noopener\">Sahel Tribune<\/a>. Sahel Tribune qui se f\u00e9licite de la \u00ab\u00a0souverainet\u00e9 retrouv\u00e9e du Mali. (\u2026) Depuis 4 ans, explique-t-il, le Mali s\u2019est engag\u00e9 dans une entreprise titanesque, \u00e0 savoir reconstruire sa souverainet\u00e9 par le d\u00e9veloppement de ses infrastructures, de son \u00e9nergie et de son \u00e9conomie productive. Derri\u00e8re cette strat\u00e9gie, impuls\u00e9e par le g\u00e9n\u00e9ral Assimi Go\u00efta, se dessine le r\u00e9cit politique d\u2019un pays qui entend rompre avec la d\u00e9pendance, ma\u00eetriser ses ressources et affirmer une autonomie totale face aux institutions r\u00e9gionales et internationales, aux vis\u00e9es &#8220;capitalistes et imp\u00e9rialistes&#8221;\u00a0\u00bb.<\/p>\n<p>Sahel Tribune met en avant notamment \u00ab\u00a0les centrales solaires de Sanankoroba, Safo et Tiakadougou-Dialakoro, d\u2019une capacit\u00e9 cumul\u00e9e de 400 m\u00e9gawatts. (\u2026) Fruits de partenariats diversifi\u00e9s avec la Russie et la Chine, ces infrastructures traduisent la volont\u00e9 in\u00e9branlable du Mali de sortir de la d\u00e9pendance \u00e9nerg\u00e9tique, alors que 70 % de sa production reposait encore r\u00e9cemment sur le thermique\u00a0\u00bb.<\/p>\n<p>Pour autant, reconnait Sahel Tribune, \u00ab\u00a0le tableau reste fragile. Le pays demeure frapp\u00e9 par une crise s\u00e9curitaire end\u00e9mique dans le nord et le centre. Ce qui ralentit plusieurs chantiers. Les coupures d\u2019\u00e9lectricit\u00e9 persistent, et la dette publique p\u00e8se sur les finances nationales. Mais la rh\u00e9torique officielle demeure in\u00e9branlable. Le pouvoir entend b\u00e2tir malgr\u00e9 la guerre.\u00a0(\u2026) Bamako ne veut plus subir l\u2019histoire, elle veut la construire\u00a0\u00bb.<\/p>\n<p> Est de la RDC\u00a0: la recrudescence des violences sexuelles <\/p>\n<p>Enfin, autre sujet, autre pays\u2026 C\u2019est \u00e0 lire dans <a target=\"_blank\" href=\"http:\/\/afrikarabia.com\/wordpress\/rdc-les-violences-sexuelles-explosent-laide-aux-victimes-diminue\/\" rel=\"nofollow noopener\">Afrikarabia<\/a>, site sp\u00e9cialis\u00e9 sur la RDC\u00a0: au Congo d\u00e9mocratique, \u00ab\u00a0les violences sexuelles explosent et l\u2019aide aux victimes diminue. (\u2026) Le Fonds des Nations unies pour la population\u00a0a relev\u00e9 l\u2019ann\u00e9e derni\u00e8re plus de 80 000 cas de viols dans l\u2019est de la RDC, soit une hausse de 32\u00a0% par rapport \u00e0 la m\u00eame p\u00e9riode en 2024.\u00a0Pour sa part, l\u2019ONG Human Rights Watch\u00a0a r\u00e9cemment document\u00e9 les violences sexuelles commises par cinq groupes arm\u00e9s non-\u00e9tatiques et par des soldats de l\u2019arm\u00e9e congolaise\u00a0\u00bb.<\/p>\n<p>Les victimes de viols sont donc de plus en plus nombreuses et dans le m\u00eame temps, les \u00e9quipements de sant\u00e9 manquent, rel\u00e8ve Afrikarabia, comme les kits de protection anti-VIH. En cause notamment, l\u2019arr\u00eat de l\u2019aide internationale am\u00e9ricaine.<\/p>\n","protected":false},"excerpt":{"rendered":"Ces derniers mois, il y avait les attaques contre les convois de carburant. \u00ab\u00a0Au plus fort de la&hellip;\n","protected":false},"author":2,"featured_media":20287,"comment_status":"","ping_status":"","sticky":false,"template":"","format":"standard","meta":{"footnotes":""},"categories":[62],"tags":[64,965,11206,3624,3623],"class_list":{"0":"post-20286","1":"post","2":"type-post","3":"status-publish","4":"format-standard","5":"has-post-thumbnail","7":"category-afrique","8":"tag-afrique","9":"tag-mali","10":"tag-rdc","11":"tag-revue-de-presse","12":"tag-revue-de-presse-afrique"},"share_on_mastodon":{"url":"","error":""},"_links":{"self":[{"href":"https:\/\/www.europesays.com\/africa\/wp-json\/wp\/v2\/posts\/20286","targetHints":{"allow":["GET"]}}],"collection":[{"href":"https:\/\/www.europesays.com\/africa\/wp-json\/wp\/v2\/posts"}],"about":[{"href":"https:\/\/www.europesays.com\/africa\/wp-json\/wp\/v2\/types\/post"}],"author":[{"embeddable":true,"href":"https:\/\/www.europesays.com\/africa\/wp-json\/wp\/v2\/users\/2"}],"replies":[{"embeddable":true,"href":"https:\/\/www.europesays.com\/africa\/wp-json\/wp\/v2\/comments?post=20286"}],"version-history":[{"count":0,"href":"https:\/\/www.europesays.com\/africa\/wp-json\/wp\/v2\/posts\/20286\/revisions"}],"wp:featuredmedia":[{"embeddable":true,"href":"https:\/\/www.europesays.com\/africa\/wp-json\/wp\/v2\/media\/20287"}],"wp:attachment":[{"href":"https:\/\/www.europesays.com\/africa\/wp-json\/wp\/v2\/media?parent=20286"}],"wp:term":[{"taxonomy":"category","embeddable":true,"href":"https:\/\/www.europesays.com\/africa\/wp-json\/wp\/v2\/categories?post=20286"},{"taxonomy":"post_tag","embeddable":true,"href":"https:\/\/www.europesays.com\/africa\/wp-json\/wp\/v2\/tags?post=20286"}],"curies":[{"name":"wp","href":"https:\/\/api.w.org\/{rel}","templated":true}]}}