{"id":20290,"date":"2026-01-13T08:05:24","date_gmt":"2026-01-13T08:05:24","guid":{"rendered":"https:\/\/www.europesays.com\/africa\/20290\/"},"modified":"2026-01-13T08:05:24","modified_gmt":"2026-01-13T08:05:24","slug":"algerie-le-parlement-adopte-a-lunanimite-une-loi-criminalisant-la-colonisation-francaise","status":"publish","type":"post","link":"https:\/\/www.europesays.com\/africa\/20290\/","title":{"rendered":"Alg\u00e9rie : le Parlement adopte \u00e0 l&#8217;unanimit\u00e9 une loi criminalisant la colonisation fran\u00e7aise"},"content":{"rendered":"<p>Le Parlement alg\u00e9rien a adopt\u00e9 mercredi 24 d\u00e9cembre, \u00e0 l&#8217;unanimit\u00e9, la proposition de loi qualifiant la colonisation fran\u00e7aise \u2013 ayant dur\u00e9 de 1830 \u00e0 1962 \u2013 de &#8220;crime d&#8217;\u00c9tat&#8221; et r\u00e9clamant \u00e0 <a target=\"_self\" href=\"https:\/\/www.france24.com\/fr\/tag\/france\/\" class=\"gtm-add-suggested-tag\" rel=\"nofollow noopener\">Paris<\/a>\u00a0&#8220;des excuses officielles&#8221; et des indemnisations.\u00a0<\/p>\n<p>Alors que la France et l&#8217;<a target=\"_self\" href=\"https:\/\/www.france24.com\/fr\/tag\/alg\u00e9rie\/\" class=\"gtm-add-suggested-tag\" rel=\"nofollow noopener\">Alg\u00e9rie<\/a> restent englu\u00e9es dans une crise majeure, le texte fait porter \u00e0 l&#8217;\u00c9tat fran\u00e7ais &#8220;la responsabilit\u00e9 juridique de son pass\u00e9 colonial en Alg\u00e9rie et des trag\u00e9dies qu&#8217;il a engendr\u00e9es&#8221;. Une initiative qualifi\u00e9e d'&#8221;hostile&#8221; par Paris, qui pourrait encore exacerber les tensions entre deux pays.<\/p>\n<p>Le texte liste les &#8220;crimes de la colonisation fran\u00e7aise&#8221;, jug\u00e9s imprescriptibles : &#8220;essais nucl\u00e9aires&#8221;, &#8220;ex\u00e9cutions extrajudiciaires&#8221;, &#8220;pratique de la torture physique et psychologique&#8221; \u00e0 large \u00e9chelle et &#8220;pillage syst\u00e9matique des richesses&#8221;.<\/p>\n<p>Il dispose \u00e9galement qu'&#8221;une indemnisation compl\u00e8te et \u00e9quitable pour tous les dommages mat\u00e9riels et moraux engendr\u00e9s par la colonisation fran\u00e7aise est un droit inali\u00e9nable pour l&#8217;\u00c9tat et le peuple alg\u00e9riens&#8221;.<\/p>\n<p>R\u00e9agissant \u00e0 l&#8217;adoption de la proposition de loi, le pr\u00e9sident de l&#8217;Assembl\u00e9e populaire nationale, Brahim Boughali, a salu\u00e9 l&#8217;approbation de la l\u00e9gislation &#8220;\u00e0 l&#8217;unanimit\u00e9&#8221; des d\u00e9put\u00e9s pr\u00e9sents.<\/p>\n<p> Une initiative jug\u00e9e &#8220;hostile&#8221; par la France <\/p>\n<p>\u00c0 Paris, le minist\u00e8re des Affaires \u00e9trang\u00e8res a d\u00e9nonc\u00e9 &#8220;une initiative manifestement hostile, \u00e0 la fois \u00e0 la volont\u00e9 de reprise du dialogue franco-alg\u00e9rien, et \u00e0 un travail serein sur les enjeux m\u00e9moriels&#8221;. Le Quai d&#8217;Orsay a cependant indiqu\u00e9 vouloir continuer de &#8220;travailler \u00e0 la reprise d&#8217;un dialogue exigeant avec l&#8217;Alg\u00e9rie&#8221;, notamment sur les &#8220;questions s\u00e9curitaires et migratoires&#8221;.<\/p>\n<p>Malgr\u00e9 la dimension ind\u00e9niablement symbolique de la loi, son impact r\u00e9el sur les revendications de r\u00e9parations pourrait \u00eatre limit\u00e9.<\/p>\n<p>Pour Hosni Kitouni, chercheur en histoire de la p\u00e9riode coloniale \u00e0 l&#8217;universit\u00e9 britannique d&#8217;Exeter, &#8220;juridiquement, cette loi n&#8217;a aucune port\u00e9e internationale et ne peut donc obliger la France&#8221;. &#8220;Sa port\u00e9e juridique est exclusivement interne&#8221;, juge-t-il.<\/p>\n<p>Mais &#8220;la port\u00e9e politique et symbolique est importante : elle marque un moment de rupture dans le rapport m\u00e9moriel avec la France&#8221;, estime-t-il.<\/p>\n<p>Ce week-end, lors des d\u00e9bats, Brahim Boughali avait assur\u00e9 que cette d\u00e9marche &#8220;ne ciblait aucun peuple, ne cherchait ni vengeance ni \u00e0 attiser les rancunes&#8221;.<\/p>\n<p>La question de la colonisation fran\u00e7aise en Alg\u00e9rie demeure <a target=\"_self\" href=\"https:\/\/www.france24.com\/fr\/afrique\/20240507-alg\u00e9rie-pas-concessions-dossier-m\u00e9moriel-france-pr\u00e9sident-tebboune\" rel=\"nofollow noopener\">l&#8217;une des principales sources de tensions entre Paris et Alger<\/a>.<\/p>\n<p> &#8220;\u00c7a fait partie de ce pass\u00e9 que nous devons regarder en face&#8221; <\/p>\n<p>La conqu\u00eate de l&#8217;Alg\u00e9rie, \u00e0 partir de 1830, a \u00e9t\u00e9 marqu\u00e9e par des tueries massives et la destruction de ses structures socio-\u00e9conomiques, ainsi que par des d\u00e9portations \u00e0 grande \u00e9chelle, selon des historiens. De nombreuses r\u00e9voltes ont \u00e9t\u00e9 r\u00e9prim\u00e9es avant une sanglante guerre d&#8217;ind\u00e9pendance (1954-1962) qui a fait 1,5 million de morts alg\u00e9riens selon l&#8217;Alg\u00e9rie, 500 000 morts, dont 400 000 Alg\u00e9riens selon les historiens fran\u00e7ais.<\/p>\n<p>En 2017, <a target=\"_self\" href=\"https:\/\/www.france24.com\/fr\/tag\/emmanuel-macron\/\" class=\"gtm-add-suggested-tag\" rel=\"nofollow noopener\">Emmanuel Macron<\/a>, alors candidat \u00e0 la pr\u00e9sidentielle fran\u00e7aise, avait d\u00e9clar\u00e9 que <a target=\"_self\" href=\"https:\/\/www.france24.com\/fr\/20170215-emmanuel-macron-algerie-colonisation-crime-humanite-fn-lr-le-pen\" rel=\"nofollow noopener\">la colonisation de l&#8217;Alg\u00e9rie \u00e9tait &#8220;un crime contre l&#8217;humanit\u00e9&#8221;<\/a>. &#8220;\u00c7a fait partie de ce pass\u00e9 que nous devons regarder en face en pr\u00e9sentant aussi nos excuses \u00e0 l&#8217;\u00e9gard de celles et ceux envers lesquels nous avons commis ces gestes&#8221;, avait-il annonc\u00e9.<\/p>\n<p>Apr\u00e8s la publication d&#8217;un rapport de l&#8217;historien fran\u00e7ais <a target=\"_self\" href=\"https:\/\/www.france24.com\/fr\/\u00e9missions\/avec-judith\/20251213-benjamin-stora-raconte-son-d\u00e9part-d-alg\u00e9rie-adolescent-\u00e0-judith-grimaldi\" rel=\"nofollow noopener\">Benjamin Stora<\/a> en janvier 2021, Emmanuel Macron s&#8217;\u00e9tait engag\u00e9 \u00e0 des &#8220;actes symboliques&#8221; pour tenter de r\u00e9concilier les deux pays, mais en excluant cette fois des &#8220;excuses&#8221;.<\/p>\n<p>Il avait ensuite provoqu\u00e9 un toll\u00e9 en Alg\u00e9rie en <a target=\"_self\" href=\"https:\/\/www.france24.com\/fr\/afrique\/20211002-l-alg\u00e9rie-rappelle-son-ambassadeur-en-france-pour-consultations\" rel=\"nofollow noopener\">s&#8217;interrogeant selon Le Monde sur l&#8217;existence d&#8217;une nation alg\u00e9rienne<\/a> avant la colonisation.<\/p>\n<p>Le vote intervient au moment o\u00f9 Paris et Alger restent emp\u00eatr\u00e9s dans une crise diplomatique, \u00e0 la suite de la reconnaissance \u00e0 l&#8217;\u00e9t\u00e9 2024 par la France d&#8217;un <a target=\"_self\" href=\"https:\/\/www.france24.com\/fr\/afrique\/20240730-sahara-occidental-pour-la-france-le-plan-du-maroc-est-la-seule-base-de-r\u00e8glement-du-conflit\" rel=\"nofollow noopener\">plan d&#8217;autonomie &#8220;sous souverainet\u00e9 marocaine&#8221;<\/a> pour le Sahara occidental.<\/p>\n<p>Plusieurs \u00e9pisodes ont depuis aggrav\u00e9 les tensions, comme la condamnation et l&#8217;incarc\u00e9ration de l&#8217;\u00e9crivain franco-alg\u00e9rien Boualem Sansal, <a target=\"_self\" href=\"https:\/\/www.france24.com\/fr\/afrique\/20251113-apr\u00e8s-la-lib\u00e9ration-de-boualem-sansal-la-france-et-l-alg\u00e9rie-doivent-consacrer-le-d\u00e9gel\" rel=\"nofollow noopener\">finalement graci\u00e9<\/a> \u00e0 la faveur d&#8217;une intervention allemande.<\/p>\n<p class=\"a-read-more\">\u00c0 lire aussi<a target=\"_self\" href=\"https:\/\/www.france24.com\/fr\/afrique\/20250401-france-alg\u00e9rie-immigration-sahara-occidental-affaire-sensal-le-d\u00e9but-du-d\u00e9gel-macron-tebboune\" class=\"a-read-more__link\" rel=\"nofollow noopener\">Immigration, Sahara occidental, affaire Sansal\u00a0: la France et l\u2019Alg\u00e9rie sur la voie du d\u00e9gel\u00a0?<\/a><\/p>\n<p> D\u00e9contaminer les sites des essais nucl\u00e9aires <\/p>\n<p>La proposition de loi affirme qu'&#8221;une indemnisation compl\u00e8te et \u00e9quitable pour tous les dommages mat\u00e9riels et moraux engendr\u00e9s par la colonisation fran\u00e7aise est un droit inali\u00e9nable pour l&#8217;\u00c9tat et le peuple alg\u00e9riens&#8221;.<\/p>\n<p>Selon le texte, l&#8217;\u00c9tat alg\u00e9rien s&#8217;emploiera \u00e0 r\u00e9clamer \u00e0 la France qu&#8217;elle d\u00e9contamine les sites des essais nucl\u00e9aires.<\/p>\n<p>Entre 1960 et 1966, la France a proc\u00e9d\u00e9 \u00e0 17 essais nucl\u00e9aires sur plusieurs sites dans le Sahara alg\u00e9rien.<\/p>\n<p>Le texte r\u00e9clame \u00e9galement la restitution de l&#8217;ensemble des biens transf\u00e9r\u00e9s hors d&#8217;Alg\u00e9rie, y compris les archives nationales.<\/p>\n<p>Enfin, il pr\u00e9voit des peines de prison et une interdiction des droits civiques et politiques pour toute personne &#8220;promouvant&#8221; la colonisation ou niant qu&#8217;elle soit un crime.<\/p>\n<p>La criminalisation de la colonisation fran\u00e7aise a \u00e9t\u00e9 mise sur la table \u00e0 plusieurs reprises par le pass\u00e9 en Alg\u00e9rie, sans aboutir jusqu&#8217;ici.<\/p>\n<p>Avec AFP<\/p>\n","protected":false},"excerpt":{"rendered":"Le Parlement alg\u00e9rien a adopt\u00e9 mercredi 24 d\u00e9cembre, \u00e0 l&#8217;unanimit\u00e9, la proposition de loi qualifiant la colonisation fran\u00e7aise&hellip;\n","protected":false},"author":2,"featured_media":20291,"comment_status":"","ping_status":"","sticky":false,"template":"","format":"standard","meta":{"footnotes":""},"categories":[254],"tags":[64,255,1856,1315,658,12666],"class_list":{"0":"post-20290","1":"post","2":"type-post","3":"status-publish","4":"format-standard","5":"has-post-thumbnail","7":"category-algerie","8":"tag-afrique","9":"tag-algerie","10":"tag-colonisation","11":"tag-emmanuel-macron","12":"tag-france","13":"tag-guerre-dalgerie"},"share_on_mastodon":{"url":"","error":""},"_links":{"self":[{"href":"https:\/\/www.europesays.com\/africa\/wp-json\/wp\/v2\/posts\/20290","targetHints":{"allow":["GET"]}}],"collection":[{"href":"https:\/\/www.europesays.com\/africa\/wp-json\/wp\/v2\/posts"}],"about":[{"href":"https:\/\/www.europesays.com\/africa\/wp-json\/wp\/v2\/types\/post"}],"author":[{"embeddable":true,"href":"https:\/\/www.europesays.com\/africa\/wp-json\/wp\/v2\/users\/2"}],"replies":[{"embeddable":true,"href":"https:\/\/www.europesays.com\/africa\/wp-json\/wp\/v2\/comments?post=20290"}],"version-history":[{"count":0,"href":"https:\/\/www.europesays.com\/africa\/wp-json\/wp\/v2\/posts\/20290\/revisions"}],"wp:featuredmedia":[{"embeddable":true,"href":"https:\/\/www.europesays.com\/africa\/wp-json\/wp\/v2\/media\/20291"}],"wp:attachment":[{"href":"https:\/\/www.europesays.com\/africa\/wp-json\/wp\/v2\/media?parent=20290"}],"wp:term":[{"taxonomy":"category","embeddable":true,"href":"https:\/\/www.europesays.com\/africa\/wp-json\/wp\/v2\/categories?post=20290"},{"taxonomy":"post_tag","embeddable":true,"href":"https:\/\/www.europesays.com\/africa\/wp-json\/wp\/v2\/tags?post=20290"}],"curies":[{"name":"wp","href":"https:\/\/api.w.org\/{rel}","templated":true}]}}