{"id":20294,"date":"2026-01-13T08:07:32","date_gmt":"2026-01-13T08:07:32","guid":{"rendered":"https:\/\/www.europesays.com\/africa\/20294\/"},"modified":"2026-01-13T08:07:32","modified_gmt":"2026-01-13T08:07:32","slug":"le-sous-secretaire-adjoint-a-la-guerre-bryan-j-ellis-rencontre-a-loudyi-et-m-berrid","status":"publish","type":"post","link":"https:\/\/www.europesays.com\/africa\/20294\/","title":{"rendered":"le Sous-Secr\u00e9taire Adjoint \u00e0 la guerre Bryan J. Ellis rencontre A. Loudyi et M. Berrid"},"content":{"rendered":"<p>\t\t\t13<\/p>\n<p style=\"text-align: justify;\">En ex\u00e9cution des Hautes Instructions Royales, le ministre D\u00e9l\u00e9gu\u00e9 aupr\u00e8s du Chef du gouvernement charg\u00e9 de l\u2019Administration de la D\u00e9fense Nationale, Abdeltif Loudyi, a re\u00e7u, lundi, le Sous-Secr\u00e9taire Adjoint \u00e0 la guerre des \u00c9tats-Unis d\u2019Am\u00e9rique, charg\u00e9 <a style=\"color: #333333;\" href=\"https:\/\/www.ecoactu.ma\" rel=\"nofollow noopener\" target=\"_blank\">des<\/a> Affaires africaines, Bryan J. Ellis, accompagn\u00e9 d\u2019une d\u00e9l\u00e9gation de haut niveau en visite de travail dans le Royaume <a style=\"color: #333333;\" href=\"http:\/\/www.maroc.ma\" target=\"_blank\" rel=\"noopener nofollow\">du<\/a> Maroc.<\/p>\n<p style=\"text-align: justify;\">A l\u2019occasion de cet entretien, les deux responsables <a style=\"color: #333333;\" href=\"https:\/\/www.youtube.com\/watch?v=If31ZrH-CcM&amp;t=1s\" target=\"_blank\" rel=\"noopener nofollow\">se<\/a> sont f\u00e9licit\u00e9s de l\u2019excellence des liens s\u00e9culaires unissant le Royaume du Maroc et les Etats-Unis d\u2019Am\u00e9rique et du haut niveau de la coop\u00e9ration militaire bilat\u00e9rale, indique un communiqu\u00e9 de l\u2019Administration de la D\u00e9fense Nationale.<\/p>\n<p style=\"text-align: justify;\">Ils ont \u00e9galement r\u00e9it\u00e9r\u00e9 leur engagement commun \u00e0 approfondir le partenariat strat\u00e9gique maroco-am\u00e9ricain, concr\u00e9tis\u00e9 par la feuille de route pour la coop\u00e9ration en mati\u00e8re de d\u00e9fense 2020-2030, sign\u00e9e le 2 octobre 2020 \u00e0 Rabat.<\/p>\n<p style=\"text-align: justify;\">Saisissant cette occasion, A. Loudyi a salu\u00e9 la position am\u00e9ricaine pour son soutien franc et positif \u00e0 la souverainet\u00e9 du Maroc sur l\u2019ensemble de son territoire ainsi que les efforts constructifs entrepris dans ce cadre, souligne le communiqu\u00e9.<\/p>\n<p style=\"text-align: justify;\">\u00ab\u00a0Il a aussi mis en avant les diverses initiatives de coop\u00e9ration Sud-Sud et d\u2019int\u00e9gration r\u00e9gionale, lanc\u00e9es sous le leadership de Sa Majest\u00e9 le Roi Mohammed VI, que Dieu L\u2019assiste, faisant du Royaume du Maroc <a style=\"color: #333333;\" href=\"https:\/\/www.youtube.com\/watch?v=If31ZrH-CcM&amp;t=1s\" target=\"_blank\" rel=\"noopener nofollow\">un<\/a> acteur important de stabilit\u00e9 <a style=\"color: #333333;\" href=\"http:\/\/www.maroc.ma\" target=\"_blank\" rel=\"noopener nofollow\">et<\/a> un exportateur de paix et de s\u00e9curit\u00e9 vers les pays de son voisinage\u00a0\u00bb, ajoute la m\u00eame source.<\/p>\n<p style=\"text-align: justify;\">De son c\u00f4t\u00e9, le responsable am\u00e9ricain a soulign\u00e9 le r\u00f4le jou\u00e9 par le Royaume, sous l\u2019\u00e9gide et la vision \u00e9clair\u00e9e de Sa Majest\u00e9 le Roi, que Dieu Le glorifie, en tant qu\u2019acteur important de stabilit\u00e9 face aux diff\u00e9rents d\u00e9fis et enjeux marquant la s\u00e9curit\u00e9 r\u00e9gionale et sa d\u00e9termination pour la conduite des strat\u00e9gies de r\u00e9formes et le rayonnement du Maroc en tant que pays pivot de stabilit\u00e9 <a style=\"color: #333333;\" href=\"https:\/\/www.ecoactu.ma\" rel=\"nofollow noopener\" target=\"_blank\">et<\/a> de paix pour son voisinage.<\/p>\n<p style=\"text-align: justify;\">Le m\u00eame jour, et sur hautes instructions du Roi, chef supr\u00eame et chef d\u2019\u00e9tat-major g\u00e9n\u00e9ral des Forces arm\u00e9es royales, le g\u00e9n\u00e9ral de corps d\u2019arm\u00e9e Mohammed Berrid, inspecteur g\u00e9n\u00e9ral des FAR et commandant la Zone Sud, a re\u00e7u au si\u00e8ge de l\u2019\u00c9tat-major g\u00e9n\u00e9ral des FAR, Bryan J. Ellis, pour passer en revue les axes de la coop\u00e9ration militaire qui seront examin\u00e9s lors de la prochaine r\u00e9union du Comit\u00e9 consultatif de D\u00e9fense, qui aura lieu en 2026 \u00e0 Washington DC, indique un communiqu\u00e9 de l\u2019\u00e9tat-major g\u00e9n\u00e9ral des Forces arm\u00e9es royales.<\/p>\n","protected":false},"excerpt":{"rendered":"13 En ex\u00e9cution des Hautes Instructions Royales, le ministre D\u00e9l\u00e9gu\u00e9 aupr\u00e8s du Chef du gouvernement charg\u00e9 de l\u2019Administration&hellip;\n","protected":false},"author":2,"featured_media":20295,"comment_status":"","ping_status":"","sticky":false,"template":"","format":"standard","meta":{"footnotes":""},"categories":[41],"tags":[158],"class_list":{"0":"post-20294","1":"post","2":"type-post","3":"status-publish","4":"format-standard","5":"has-post-thumbnail","7":"category-maroc","8":"tag-maroc"},"share_on_mastodon":{"url":"","error":""},"_links":{"self":[{"href":"https:\/\/www.europesays.com\/africa\/wp-json\/wp\/v2\/posts\/20294","targetHints":{"allow":["GET"]}}],"collection":[{"href":"https:\/\/www.europesays.com\/africa\/wp-json\/wp\/v2\/posts"}],"about":[{"href":"https:\/\/www.europesays.com\/africa\/wp-json\/wp\/v2\/types\/post"}],"author":[{"embeddable":true,"href":"https:\/\/www.europesays.com\/africa\/wp-json\/wp\/v2\/users\/2"}],"replies":[{"embeddable":true,"href":"https:\/\/www.europesays.com\/africa\/wp-json\/wp\/v2\/comments?post=20294"}],"version-history":[{"count":0,"href":"https:\/\/www.europesays.com\/africa\/wp-json\/wp\/v2\/posts\/20294\/revisions"}],"wp:featuredmedia":[{"embeddable":true,"href":"https:\/\/www.europesays.com\/africa\/wp-json\/wp\/v2\/media\/20295"}],"wp:attachment":[{"href":"https:\/\/www.europesays.com\/africa\/wp-json\/wp\/v2\/media?parent=20294"}],"wp:term":[{"taxonomy":"category","embeddable":true,"href":"https:\/\/www.europesays.com\/africa\/wp-json\/wp\/v2\/categories?post=20294"},{"taxonomy":"post_tag","embeddable":true,"href":"https:\/\/www.europesays.com\/africa\/wp-json\/wp\/v2\/tags?post=20294"}],"curies":[{"name":"wp","href":"https:\/\/api.w.org\/{rel}","templated":true}]}}