{"id":2032,"date":"2026-01-04T05:26:12","date_gmt":"2026-01-04T05:26:12","guid":{"rendered":"https:\/\/www.europesays.com\/africa\/2032\/"},"modified":"2026-01-04T05:26:12","modified_gmt":"2026-01-04T05:26:12","slug":"la-surete-provinciale-a-lheure-des-avancements","status":"publish","type":"post","link":"https:\/\/www.europesays.com\/africa\/2032\/","title":{"rendered":"la S\u00fbret\u00e9 provinciale \u00e0 l&#8217;heure des avancements !"},"content":{"rendered":"<p>Cette promotion intervient en reconnaissance du parcours professionnel du responsable s\u00e9curitaire et des r\u00e9sultats tangibles enregistr\u00e9s durant l\u2019exercice de ses fonctions \u00e0 la t\u00eate des services de s\u00fbret\u00e9 de la province, laquelle a connu une \u00e9volution notable en mati\u00e8re de s\u00e9curit\u00e9 et de stabilit\u00e9. <\/p>\n<p>Sous sa conduite, l\u2019action s\u00e9curitaire s\u2019est distingu\u00e9e par un renforcement soutenu de la coordination entre les diff\u00e9rentes structures de la s\u00fbret\u00e9 nationale, une \u00e9l\u00e9vation du niveau de pr\u00e9paration op\u00e9rationnelle sur le terrain, ainsi qu\u2019une am\u00e9lioration continue de la qualit\u00e9 des prestations polici\u00e8res offertes aux citoyens. <\/p>\n<p>Cette dynamique s\u2019est inscrite dans une approche fond\u00e9e sur la proximit\u00e9, l\u2019\u00e9coute et l\u2019interaction constructive avec les attentes des populations et des acteurs locaux, contribuant ainsi \u00e0 consolider le climat de confiance entre les services de s\u00e9curit\u00e9 et leur environnement institutionnel et social. <\/p>\n<p>Le m\u00eame mouvement de promotions a \u00e9galement concern\u00e9 plusieurs cadres de la s\u00fbret\u00e9 nationale dont le professionnalisme a \u00e9t\u00e9 salu\u00e9. \u00c0 ce titre, Adil El Khaoua a \u00e9t\u00e9 promu au grade de commissaire provincial, tandis que Jabrane Essamiri et Mahfoud Erraja ont acc\u00e9d\u00e9 au grade de commissaire divisionnaire, en reconnaissance de leur engagement constant au service de la s\u00e9curit\u00e9 publique. <br \/>\u00a0<\/p>\n","protected":false},"excerpt":{"rendered":"Cette promotion intervient en reconnaissance du parcours professionnel du responsable s\u00e9curitaire et des r\u00e9sultats tangibles enregistr\u00e9s durant l\u2019exercice&hellip;\n","protected":false},"author":2,"featured_media":2033,"comment_status":"","ping_status":"","sticky":false,"template":"","format":"standard","meta":{"footnotes":""},"categories":[41],"tags":[554,553,555,556,563,565,560,567,561,557,162,566,564,558,559,158,562,248,239,310,568],"class_list":{"0":"post-2032","1":"post","2":"type-post","3":"status-publish","4":"format-standard","5":"has-post-thumbnail","7":"category-maroc","8":"tag-actualites","9":"tag-actualites-et-infos-au-maroc","10":"tag-actualites-et-infos-mondiale","11":"tag-actualites-marocaines-du-jour","12":"tag-alimentation","13":"tag-analyses","14":"tag-art-de-vivre","15":"tag-chronique","16":"tag-consommation-et-bien-etre","17":"tag-culture","18":"tag-economie","19":"tag-edito","20":"tag-etudes","21":"tag-insolite","22":"tag-loisirs","23":"tag-maroc","24":"tag-mode","25":"tag-politique","26":"tag-societe","27":"tag-sport","28":"tag-tribune"},"share_on_mastodon":{"url":"","error":""},"_links":{"self":[{"href":"https:\/\/www.europesays.com\/africa\/wp-json\/wp\/v2\/posts\/2032","targetHints":{"allow":["GET"]}}],"collection":[{"href":"https:\/\/www.europesays.com\/africa\/wp-json\/wp\/v2\/posts"}],"about":[{"href":"https:\/\/www.europesays.com\/africa\/wp-json\/wp\/v2\/types\/post"}],"author":[{"embeddable":true,"href":"https:\/\/www.europesays.com\/africa\/wp-json\/wp\/v2\/users\/2"}],"replies":[{"embeddable":true,"href":"https:\/\/www.europesays.com\/africa\/wp-json\/wp\/v2\/comments?post=2032"}],"version-history":[{"count":0,"href":"https:\/\/www.europesays.com\/africa\/wp-json\/wp\/v2\/posts\/2032\/revisions"}],"wp:featuredmedia":[{"embeddable":true,"href":"https:\/\/www.europesays.com\/africa\/wp-json\/wp\/v2\/media\/2033"}],"wp:attachment":[{"href":"https:\/\/www.europesays.com\/africa\/wp-json\/wp\/v2\/media?parent=2032"}],"wp:term":[{"taxonomy":"category","embeddable":true,"href":"https:\/\/www.europesays.com\/africa\/wp-json\/wp\/v2\/categories?post=2032"},{"taxonomy":"post_tag","embeddable":true,"href":"https:\/\/www.europesays.com\/africa\/wp-json\/wp\/v2\/tags?post=2032"}],"curies":[{"name":"wp","href":"https:\/\/api.w.org\/{rel}","templated":true}]}}