{"id":20342,"date":"2026-01-13T08:35:10","date_gmt":"2026-01-13T08:35:10","guid":{"rendered":"https:\/\/www.europesays.com\/africa\/20342\/"},"modified":"2026-01-13T08:35:10","modified_gmt":"2026-01-13T08:35:10","slug":"culture-mehdi-bensaid-sengage-a-ouvrir-dautres-maisons-de-jeunes","status":"publish","type":"post","link":"https:\/\/www.europesays.com\/africa\/20342\/","title":{"rendered":"Culture: Mehdi Bensa\u00efd s\u2019engage \u00e0 ouvrir d\u2019autres maisons de jeunes"},"content":{"rendered":"<p class=\"default__StyledText-sc-10mj2vp-0 CxBBS body-paragraph\">Lors de son intervention devant la Chambre des repr\u00e9sentants, Mehdi Bensa\u00efd a abord\u00e9 le r\u00f4le de son d\u00e9partement en mati\u00e8re de promotion de la culture amazighe. \u00c0 cet \u00e9gard, le ministre pr\u00e9voit de pr\u00e9sider mardi soir une grande soir\u00e9e artistique amazighe au Th\u00e9\u00e2tre Mohammed VI de Rabat.<\/p>\n<p class=\"default__StyledText-sc-10mj2vp-0 CxBBS body-paragraph\">\u00c0 la question li\u00e9e aux maisons de jeunes, Mehdi Bensa\u00efd a d\u00e9clar\u00e9 qu\u2019\u00e0 l\u2019arriv\u00e9e de ce gouvernement, environ 179 maisons de jeunes \u00e9taient ferm\u00e9es. Aujourd\u2019hui, 103 ont \u00e9t\u00e9 rouvertes, tandis que des \u00e9quipements ont \u00e9t\u00e9 r\u00e9alis\u00e9s pour environ \u00ab400 autres\u00bb. Il a pr\u00e9cis\u00e9 que les 70 restantes seront op\u00e9rationnelles cette ann\u00e9e. Il a estim\u00e9 que les maisons de jeunes r\u00e9pondent \u00abpartiellement\u00bb aux besoins d\u2019une cat\u00e9gorie de jeunes.<\/p>\n<p class=\"default__StyledText-sc-10mj2vp-0 CxBBS body-paragraph\">Il y a aussi le Pass Jeunes, selon lui, qui r\u00e9pond \u00e0 d\u2019autres besoins: \u00abTous les secteurs gouvernementaux sont au service des attentes des jeunes, car chaque jeune est un citoyen avec ses propres ambitions\u00bb, a-t-il consid\u00e9r\u00e9.<\/p>\n<p class=\"interstitial-link block-margin-bottom\">Lire aussi : <a href=\"https:\/\/fr.le360.ma\/societe\/pass-jeunes-400000-utilisateurs-chaque-jour-selon-mohamed-mehdi-bensaid_JXDANA43JZFCBOLU3LNMQPK4KY\/\" aria-label=\"Ouvrir un article associ\u00e9\" class=\"default__StyledLink-sc-10mj2vp-1 kkYPzd\" rel=\"nofollow noopener\" target=\"_blank\">Pass Jeunes: 400.000 utilisateurs quotidiens, selon Mohamed Mehdi Bensaid<\/a><\/p>\n<p class=\"default__StyledText-sc-10mj2vp-0 CxBBS body-paragraph\">Au sujet de la culture amazighe, Mehdi Bensa\u00efd a affirm\u00e9 que \u00abchaque ann\u00e9e, depuis 2021, le gouvernement s\u2019efforce de renforcer son soutien et sa pr\u00e9sence\u00bb. Le ministre a estim\u00e9 en outre que c\u2019est \u00abune pr\u00e9sence populaire et naturelle chez tous les Marocains\u00bb. Il a conclu qu\u2019il est de \u00abnotre devoir de la pr\u00e9server et de la faire conna\u00eetre davantage\u00bb, surtout depuis la reconnaissance officielle du Nouvel An amazigh par Mohammed VI.<\/p>\n<p>Par <a class=\"article-main-information-credits-bold href\" href=\"https:\/\/fr.le360.ma\/auteur\/mohamed-chakir-alaoui\" rel=\"nofollow noopener\" target=\"_blank\">Mohamed Chakir Alaoui<\/a> et Yassine Mannan<\/p>\n<p>Le 12\/01\/2026 \u00e0 19h51<\/p>\n","protected":false},"excerpt":{"rendered":"Lors de son intervention devant la Chambre des repr\u00e9sentants, Mehdi Bensa\u00efd a abord\u00e9 le r\u00f4le de son d\u00e9partement&hellip;\n","protected":false},"author":2,"featured_media":20343,"comment_status":"","ping_status":"","sticky":false,"template":"","format":"standard","meta":{"footnotes":""},"categories":[41],"tags":[11198,7612,12679,158,12681,12680],"class_list":{"0":"post-20342","1":"post","2":"type-post","3":"status-publish","4":"format-standard","5":"has-post-thumbnail","7":"category-maroc","8":"tag-amazigh","9":"tag-chambre-des-representants","10":"tag-jeunes-au-maroc","11":"tag-maroc","12":"tag-monde-rural","13":"tag-pass-jeunes"},"share_on_mastodon":{"url":"","error":""},"_links":{"self":[{"href":"https:\/\/www.europesays.com\/africa\/wp-json\/wp\/v2\/posts\/20342","targetHints":{"allow":["GET"]}}],"collection":[{"href":"https:\/\/www.europesays.com\/africa\/wp-json\/wp\/v2\/posts"}],"about":[{"href":"https:\/\/www.europesays.com\/africa\/wp-json\/wp\/v2\/types\/post"}],"author":[{"embeddable":true,"href":"https:\/\/www.europesays.com\/africa\/wp-json\/wp\/v2\/users\/2"}],"replies":[{"embeddable":true,"href":"https:\/\/www.europesays.com\/africa\/wp-json\/wp\/v2\/comments?post=20342"}],"version-history":[{"count":0,"href":"https:\/\/www.europesays.com\/africa\/wp-json\/wp\/v2\/posts\/20342\/revisions"}],"wp:featuredmedia":[{"embeddable":true,"href":"https:\/\/www.europesays.com\/africa\/wp-json\/wp\/v2\/media\/20343"}],"wp:attachment":[{"href":"https:\/\/www.europesays.com\/africa\/wp-json\/wp\/v2\/media?parent=20342"}],"wp:term":[{"taxonomy":"category","embeddable":true,"href":"https:\/\/www.europesays.com\/africa\/wp-json\/wp\/v2\/categories?post=20342"},{"taxonomy":"post_tag","embeddable":true,"href":"https:\/\/www.europesays.com\/africa\/wp-json\/wp\/v2\/tags?post=20342"}],"curies":[{"name":"wp","href":"https:\/\/api.w.org\/{rel}","templated":true}]}}