{"id":20443,"date":"2026-01-13T09:44:07","date_gmt":"2026-01-13T09:44:07","guid":{"rendered":"https:\/\/www.europesays.com\/africa\/20443\/"},"modified":"2026-01-13T09:44:07","modified_gmt":"2026-01-13T09:44:07","slug":"algerie-abdelmadjid-tebboune-propose-de-regulariser-ses-ressortissants-en-situation-irreguliere-et-de-precarite-a-letranger","status":"publish","type":"post","link":"https:\/\/www.europesays.com\/africa\/20443\/","title":{"rendered":"Alg\u00e9rie : Abdelmadjid Tebboune propose de r\u00e9gulariser ses ressortissants en situation &#8220;irr\u00e9guli\u00e8re et de pr\u00e9carit\u00e9&#8221; \u00e0 l&#8217;\u00e9tranger"},"content":{"rendered":"<p>                                            Monde\n                                                                            <\/p>\n<p>\n                                            Le pr\u00e9sident alg\u00e9rien Abdelmadjid Tebboune a annonc\u00e9 une mesure de r\u00e9gularisation des ressortissants alg\u00e9riens en situation &#8220;irr\u00e9guli\u00e8re et de pr\u00e9carit\u00e9&#8221; dans un pays \u00e9tranger. Des dizaines de milliers de personnes ayant fui leur pays \u00e0 travers des r\u00e9seaux d\u2019immigration clandestine pourraient \u00eatre concern\u00e9es.                                        <\/p>\n<p>                                                Publi\u00e9 le 13 janvier 2026 \u00e0 10h17                                                                                            <\/p>\n<p>                                            <img loading=\"lazy\" width=\"1024\" height=\"683\" src=\"https:\/\/www.europesays.com\/africa\/wp-content\/uploads\/2026\/01\/SIPA_01162564_000002-1-1.jpg\" class=\"attachment-post-thumbnail size-post-thumbnail wp-post-image\" alt=\"Abdelmadjid Tebboune a annonc\u00e9 une mesure de r\u00e9gularisation des ressortissants alg\u00e9riens en situation &quot;irr\u00e9guli\u00e8re et de pr\u00e9carit\u00e9&quot;. Photo d'illustration \u00a9 SOPA Images\/SIPA\" decoding=\"async\"  \/><\/p>\n<p>                                            Abdelmadjid Tebboune a annonc\u00e9 une mesure de r\u00e9gularisation des ressortissants alg\u00e9riens en situation &#8220;irr\u00e9guli\u00e8re et de pr\u00e9carit\u00e9&#8221;. Photo d&#8217;illustration \u00a9 SOPA Images\/SIPA<\/p>\n<p>Les ressortissants alg\u00e9riens en difficult\u00e9 pourraient \u00eatre r\u00e9gularis\u00e9s et pouvoir se rendre en Alg\u00e9rie. Selon le communiqu\u00e9 de <a href=\"https:\/\/www.valeursactuelles.com\/politique\/je-my-rendrai-laurent-nunez-souhaite-aller-en-algerie-apres-la-condamnation-de-christophe-gleizes\" target=\"_blank\" rel=\"noopener nofollow\">la pr\u00e9sidence alg\u00e9rienne<\/a>, relay\u00e9 par <a href=\"https:\/\/www.jeuneafrique.com\/1755660\/politique\/lalgerie-propose-a-ses-ressortissants-vivant-sans-papiers-a-letranger-de-regulariser-leurs-situations\/\" target=\"_blank\" rel=\"nofollow noopener\">Jeune Afrique<\/a>, des \u00ab\u00a0jeunes se trouvent aujourd\u2019hui loin de leur patrie, de leurs proches et de leurs amis, ils souffrent de pauvret\u00e9 extr\u00eame et de mis\u00e8re et sont r\u00e9duits \u00e0 ex\u00e9cuter des t\u00e2ches humiliantes, tandis que certains sont instrumentalis\u00e9s contre leur pays\u00a0\u00bb.<\/p>\n<p><a href=\"https:\/\/www.valeursactuelles.com\/monde\/lalgerie-se-felicite-davoir-refoule-24-000-migrants-en-2025\" class=\"h-flex h-align-items-center h-border-tb h-ptb-15\" rel=\"nofollow noopener\" target=\"_blank\">A\u00a0LIRE\u00a0L\u2019Alg\u00e9rie se f\u00e9licite d\u2019avoir refoul\u00e9 24 000 migrants en 2025<\/a><\/p>\n<p>Des dizaines de milliers de personnes d\u2019origine alg\u00e9rienne pourraient \u00eatre concern\u00e9es. Certains ayant fui leur pays avec les r\u00e9seaux de la harga, l\u2019immigration clandestine. Des citoyens \u00ab\u00a0ayant \u00e9t\u00e9 d\u00e9lib\u00e9r\u00e9ment induits en erreur par des individus qui se croyaient capables de nuire \u00e0 la cr\u00e9dibilit\u00e9 de l\u2019\u00c9tat en les instrumentalisant \u00e0 l\u2019\u00e9tranger contre leur pays\u00a0\u00bb, poursuit le communiqu\u00e9.<\/p>\n<p>Certains ressortissants sceptiques<\/p>\n<p>Les individus concern\u00e9s pourront se voir remettre leur passeport <a href=\"https:\/\/www.valeursactuelles.com\/societe\/7-francais-sur-10-veulent-suspendre-les-visas-aux-algeriens-tant-que-le-journaliste-christophe-gleizes-nest-pas-libere\" target=\"_blank\" rel=\"noopener nofollow\">aux consulats d\u2019Alg\u00e9rie<\/a>. Les auteurs de d\u00e9lits ou de crimes plus graves ne sont pas \u00e9ligibles \u00e0 cette mesure. Mais selon Jeune Afrique, certains ressortissants se m\u00e9fient de l\u2019administration, de la justice et des services de s\u00e9curit\u00e9, et craignent une arrestation ou des probl\u00e8mes judiciaires.<\/p>\n<p><a href=\"https:\/\/www.valeursactuelles.com\/monde\/loi-criminalisant-la-colonisation-francaise-en-algerie-paris-reste-discret-la-droite-reclame-des-mesures\" class=\"h-flex h-align-items-center h-border-tb h-ptb-15\" rel=\"nofollow noopener\" target=\"_blank\">A\u00a0LIRE\u00a0Loi criminalisant la colonisation fran\u00e7aise en Alg\u00e9rie : Paris reste discret, la droite r\u00e9clame des mesures<\/a>                                                                    <\/p>\n","protected":false},"excerpt":{"rendered":"Monde Le pr\u00e9sident alg\u00e9rien Abdelmadjid Tebboune a annonc\u00e9 une mesure de r\u00e9gularisation des ressortissants alg\u00e9riens en situation &#8220;irr\u00e9guli\u00e8re&hellip;\n","protected":false},"author":2,"featured_media":20444,"comment_status":"","ping_status":"","sticky":false,"template":"","format":"standard","meta":{"footnotes":""},"categories":[254],"tags":[1834,255,10103,12737,12738],"class_list":{"0":"post-20443","1":"post","2":"type-post","3":"status-publish","4":"format-standard","5":"has-post-thumbnail","7":"category-algerie","8":"tag-abdelmadjid-tebboune","9":"tag-algerie","10":"tag-algerien","11":"tag-relation-franco-algerienne","12":"tag-ressortissants-etrangers"},"share_on_mastodon":{"url":"","error":""},"_links":{"self":[{"href":"https:\/\/www.europesays.com\/africa\/wp-json\/wp\/v2\/posts\/20443","targetHints":{"allow":["GET"]}}],"collection":[{"href":"https:\/\/www.europesays.com\/africa\/wp-json\/wp\/v2\/posts"}],"about":[{"href":"https:\/\/www.europesays.com\/africa\/wp-json\/wp\/v2\/types\/post"}],"author":[{"embeddable":true,"href":"https:\/\/www.europesays.com\/africa\/wp-json\/wp\/v2\/users\/2"}],"replies":[{"embeddable":true,"href":"https:\/\/www.europesays.com\/africa\/wp-json\/wp\/v2\/comments?post=20443"}],"version-history":[{"count":0,"href":"https:\/\/www.europesays.com\/africa\/wp-json\/wp\/v2\/posts\/20443\/revisions"}],"wp:featuredmedia":[{"embeddable":true,"href":"https:\/\/www.europesays.com\/africa\/wp-json\/wp\/v2\/media\/20444"}],"wp:attachment":[{"href":"https:\/\/www.europesays.com\/africa\/wp-json\/wp\/v2\/media?parent=20443"}],"wp:term":[{"taxonomy":"category","embeddable":true,"href":"https:\/\/www.europesays.com\/africa\/wp-json\/wp\/v2\/categories?post=20443"},{"taxonomy":"post_tag","embeddable":true,"href":"https:\/\/www.europesays.com\/africa\/wp-json\/wp\/v2\/tags?post=20443"}],"curies":[{"name":"wp","href":"https:\/\/api.w.org\/{rel}","templated":true}]}}