{"id":20447,"date":"2026-01-13T09:46:34","date_gmt":"2026-01-13T09:46:34","guid":{"rendered":"https:\/\/www.europesays.com\/africa\/20447\/"},"modified":"2026-01-13T09:46:34","modified_gmt":"2026-01-13T09:46:34","slug":"apres-sept-ans-de-secheresse-lespoir-renait-au-maroc","status":"publish","type":"post","link":"https:\/\/www.europesays.com\/africa\/20447\/","title":{"rendered":"Apr\u00e8s sept ans de s\u00e9cheresse, l&#8217;espoir rena\u00eet au Maroc"},"content":{"rendered":"<p><img loading=\"lazy\" decoding=\"async\" class=\"aligncenter wp-image-390126 size-full\" src=\"https:\/\/www.europesays.com\/africa\/wp-content\/uploads\/2026\/01\/sidi_mohamed_ben_abdellah_barrage.jpg\" alt=\"\" width=\"800\" height=\"400\"  \/><\/p>\n<p>Le Maroc l\u2019attendait. Apr\u00e8s sept ann\u00e9e de s\u00e9cheresse, l\u2019espoir rena\u00eet dans le Royaume avec les pr\u00e9cipitations abondantes cet hiver. Lundi, le ministre de l\u2019Equipement et de l\u2019Eau, Nizar Baraka, a annonc\u00e9 la fin de sept ann\u00e9es de s\u00e9cheresse qui ont touch\u00e9 le monde agricole.<\/p>\n<p>Le niveau des pr\u00e9cipitations enregistr\u00e9 jusqu\u2019\u00e0 pr\u00e9sent cet hiver est en hausse de 95% par rapport \u00e0 l\u2019ann\u00e9e pr\u00e9c\u00e9dente et de 17% sup\u00e9rieur \u00e0 la moyenne saisonni\u00e8re, a indiqu\u00e9 Baraka devant les membres du Parlement. Concernant le taux moyen de remplissage des barrages, il s\u2019est \u00e9tabli \u00e0 46%, plusieurs r\u00e9servoirs cl\u00e9s affichant d\u00e9sormais une capacit\u00e9 maximale, selon les donn\u00e9es officielles.<\/p>\n<p>Sept ann\u00e9es de s\u00e9cheresse avaient \u00e9puis\u00e9 les r\u00e9serves des barrages marocains, r\u00e9duit la r\u00e9colte de bl\u00e9, diminu\u00e9 le cheptel national, entra\u00een\u00e9 d\u2019importantes pertes d\u2019emplois agricoles et pouss\u00e9 le pays \u00e0 acc\u00e9l\u00e9rer ses projets de dessalement.<\/p>\n","protected":false},"excerpt":{"rendered":"Le Maroc l\u2019attendait. Apr\u00e8s sept ann\u00e9e de s\u00e9cheresse, l\u2019espoir rena\u00eet dans le Royaume avec les pr\u00e9cipitations abondantes cet&hellip;\n","protected":false},"author":2,"featured_media":20448,"comment_status":"","ping_status":"","sticky":false,"template":"","format":"standard","meta":{"footnotes":""},"categories":[41],"tags":[158],"class_list":{"0":"post-20447","1":"post","2":"type-post","3":"status-publish","4":"format-standard","5":"has-post-thumbnail","7":"category-maroc","8":"tag-maroc"},"share_on_mastodon":{"url":"","error":""},"_links":{"self":[{"href":"https:\/\/www.europesays.com\/africa\/wp-json\/wp\/v2\/posts\/20447","targetHints":{"allow":["GET"]}}],"collection":[{"href":"https:\/\/www.europesays.com\/africa\/wp-json\/wp\/v2\/posts"}],"about":[{"href":"https:\/\/www.europesays.com\/africa\/wp-json\/wp\/v2\/types\/post"}],"author":[{"embeddable":true,"href":"https:\/\/www.europesays.com\/africa\/wp-json\/wp\/v2\/users\/2"}],"replies":[{"embeddable":true,"href":"https:\/\/www.europesays.com\/africa\/wp-json\/wp\/v2\/comments?post=20447"}],"version-history":[{"count":0,"href":"https:\/\/www.europesays.com\/africa\/wp-json\/wp\/v2\/posts\/20447\/revisions"}],"wp:featuredmedia":[{"embeddable":true,"href":"https:\/\/www.europesays.com\/africa\/wp-json\/wp\/v2\/media\/20448"}],"wp:attachment":[{"href":"https:\/\/www.europesays.com\/africa\/wp-json\/wp\/v2\/media?parent=20447"}],"wp:term":[{"taxonomy":"category","embeddable":true,"href":"https:\/\/www.europesays.com\/africa\/wp-json\/wp\/v2\/categories?post=20447"},{"taxonomy":"post_tag","embeddable":true,"href":"https:\/\/www.europesays.com\/africa\/wp-json\/wp\/v2\/tags?post=20447"}],"curies":[{"name":"wp","href":"https:\/\/api.w.org\/{rel}","templated":true}]}}