{"id":20464,"date":"2026-01-13T09:59:10","date_gmt":"2026-01-13T09:59:10","guid":{"rendered":"https:\/\/www.europesays.com\/africa\/20464\/"},"modified":"2026-01-13T09:59:10","modified_gmt":"2026-01-13T09:59:10","slug":"la-federation-senegalaise-appelle-les-supporters-au-respect-strict-des-regles-de-securite","status":"publish","type":"post","link":"https:\/\/www.europesays.com\/africa\/20464\/","title":{"rendered":"la F\u00e9d\u00e9ration s\u00e9n\u00e9galaise appelle les supporters au respect strict des r\u00e8gles de s\u00e9curit\u00e9"},"content":{"rendered":"<p>\u00c0 l\u2019approche de la demi-finale de la Coupe d\u2019Afrique des nations 2025 face \u00e0 l\u2019\u00c9gypte, la F\u00e9d\u00e9ration s\u00e9n\u00e9galaise de football (FSF) a lanc\u00e9 un appel solennel aux supporters des Lions de la T\u00e9ranga.<\/p>\n<p>Dans un communiqu\u00e9 officiel, l\u2019instance exhorte le public s\u00e9n\u00e9galais \u00e0 observer un strict respect des r\u00e8gles de s\u00e9curit\u00e9, \u00e0 l\u2019int\u00e9rieur des stades comme dans leurs abords imm\u00e9diats, afin de garantir le bon d\u00e9roulement de la comp\u00e9tition.<\/p>\n<p>Fumig\u00e8nes et pointeurs lasers formellement interdits<\/p>\n<p>La FSF rappelle que l\u2019introduction et l\u2019usage de fumig\u00e8nes, de pointeurs lasers ou de tout objet dangereux sont strictement interdits lors des rencontres de la CAN 2025.<\/p>\n<p>Selon la F\u00e9d\u00e9ration, ces pratiques constituent un danger r\u00e9el pour la s\u00e9curit\u00e9 des joueurs, des officiels et des spectateurs, et sont incompatibles avec les standards exig\u00e9s par la Conf\u00e9d\u00e9ration africaine de football (CAF).<\/p>\n<p>Un risque r\u00e9el de sanctions disciplinaires<\/p>\n<p>Cet appel s\u2019inscrit dans un contexte sensible. La FSF souligne que, suite \u00e0 des incidents survenus lors des rencontres B\u00e9nin\u2013S\u00e9n\u00e9gal et Mali\u2013S\u00e9n\u00e9gal, l\u2019\u00e9quipe nationale s\u2019est d\u00e9j\u00e0 expos\u00e9e \u00e0 de lourdes sanctions disciplinaires de la part de la CAF.<\/p>\n<p>De nouveaux d\u00e9bordements pourraient entra\u00eener des mesures s\u00e9v\u00e8res, susceptibles de p\u00e9naliser sportivement et financi\u00e8rement la s\u00e9lection s\u00e9n\u00e9galaise.<\/p>\n<p>Pr\u00e9server l\u2019image du football s\u00e9n\u00e9galais<\/p>\n<p>Au-del\u00e0 des sanctions, la F\u00e9d\u00e9ration insiste sur l\u2019impact de ces comportements sur l\u2019image du football s\u00e9n\u00e9galais. L\u2019usage d\u2019objets interdits porte atteinte \u00e0 la r\u00e9putation du S\u00e9n\u00e9gal, r\u00e9guli\u00e8rement cit\u00e9 comme mod\u00e8le de ferveur populaire et de fair-play sur le continent.<\/p>\n<p>La FSF appelle ainsi les supporters \u00e0 faire preuve de responsabilit\u00e9 et de patriotisme, afin de pr\u00e9server les valeurs du sport et l\u2019esprit de la CAN.<\/p>\n<p>Soutenir les Lions, mais avec discipline<\/p>\n<p>Tout en appelant \u00e0 une discipline irr\u00e9prochable, la F\u00e9d\u00e9ration invite le public \u00e0 continuer de soutenir les Lions de la T\u00e9ranga avec ferveur et passion.<\/p>\n<p>Objectif affich\u00e9 : faire de la CAN 2025 une v\u00e9ritable f\u00eate du football africain, plac\u00e9e sous le signe du respect, du fair-play et de la s\u00e9curit\u00e9.<\/p>\n<p>Rendez-vous mercredi \u00e0 Tanger<\/p>\n<p>Le S\u00e9n\u00e9gal affrontera l\u2019\u00c9gypte en demi-finale de la CAN 2025, ce mercredi \u00e0 17h00 GMT, \u00e0 Tanger. Une affiche majeure, sous haute tension sportive\u2026 et sous vigilance maximale en tribunes.<\/p>\n","protected":false},"excerpt":{"rendered":"\u00c0 l\u2019approche de la demi-finale de la Coupe d\u2019Afrique des nations 2025 face \u00e0 l\u2019\u00c9gypte, la F\u00e9d\u00e9ration s\u00e9n\u00e9galaise&hellip;\n","protected":false},"author":2,"featured_media":20465,"comment_status":"","ping_status":"","sticky":false,"template":"","format":"standard","meta":{"footnotes":""},"categories":[48],"tags":[159],"class_list":{"0":"post-20464","1":"post","2":"type-post","3":"status-publish","4":"format-standard","5":"has-post-thumbnail","7":"category-senegal","8":"tag-senegal"},"share_on_mastodon":{"url":"","error":""},"_links":{"self":[{"href":"https:\/\/www.europesays.com\/africa\/wp-json\/wp\/v2\/posts\/20464","targetHints":{"allow":["GET"]}}],"collection":[{"href":"https:\/\/www.europesays.com\/africa\/wp-json\/wp\/v2\/posts"}],"about":[{"href":"https:\/\/www.europesays.com\/africa\/wp-json\/wp\/v2\/types\/post"}],"author":[{"embeddable":true,"href":"https:\/\/www.europesays.com\/africa\/wp-json\/wp\/v2\/users\/2"}],"replies":[{"embeddable":true,"href":"https:\/\/www.europesays.com\/africa\/wp-json\/wp\/v2\/comments?post=20464"}],"version-history":[{"count":0,"href":"https:\/\/www.europesays.com\/africa\/wp-json\/wp\/v2\/posts\/20464\/revisions"}],"wp:featuredmedia":[{"embeddable":true,"href":"https:\/\/www.europesays.com\/africa\/wp-json\/wp\/v2\/media\/20465"}],"wp:attachment":[{"href":"https:\/\/www.europesays.com\/africa\/wp-json\/wp\/v2\/media?parent=20464"}],"wp:term":[{"taxonomy":"category","embeddable":true,"href":"https:\/\/www.europesays.com\/africa\/wp-json\/wp\/v2\/categories?post=20464"},{"taxonomy":"post_tag","embeddable":true,"href":"https:\/\/www.europesays.com\/africa\/wp-json\/wp\/v2\/tags?post=20464"}],"curies":[{"name":"wp","href":"https:\/\/api.w.org\/{rel}","templated":true}]}}