{"id":20486,"date":"2026-01-13T10:14:07","date_gmt":"2026-01-13T10:14:07","guid":{"rendered":"https:\/\/www.europesays.com\/africa\/20486\/"},"modified":"2026-01-13T10:14:07","modified_gmt":"2026-01-13T10:14:07","slug":"le-courrier-decouvert-macky-sall-implique-la-famille-dabdoulaye-daouda-diallo","status":"publish","type":"post","link":"https:\/\/www.europesays.com\/africa\/20486\/","title":{"rendered":"Le courrier d\u00e9couvert, Macky Sall implique la famille d&#8217;Abdoulaye Daouda Diallo\u00a0\u00a0"},"content":{"rendered":"<p>Les militants de l\u2019Alliance pour la R\u00e9publique (APR) en France ont d\u00e9sormais un nouveau coordonnateur \u00e0 la t\u00eate de la D\u00e9l\u00e9gation des S\u00e9n\u00e9galais de l\u2019Ext\u00e9rieur (DSE-France). Il s\u2019agit d\u2019Amadou Diallo, nomm\u00e9 par le pr\u00e9sident du parti, Macky Sall, en remplacement de Amadou Talla Daff, qui a exprim\u00e9 le souhait de se d\u00e9charger de ses fonctions pour raisons de sant\u00e9.            <\/p>\n<p class=\"pread\" style=\"background: #fff6d3;font-size:17px !important;padding:0px 0 16px 0;border:none;font-family:'source-sans-pro' !important;color:#444 !important;\">\n<p>La suite est r\u00e9serv\u00e9e \u00e0 nos abonn\u00e9s.<br \/>D\u00e9j\u00e0 abonn\u00e9 ? <a href=\"https:\/\/www.senenews.com\/login?redirect_to=https:\/\/www.senenews.com\/actualites\/dse-france-le-courrier-decouvert-macky-sall-implique-la-famille-dabdoulaye-daouda-diallo_572434.html\" style=\"text-decoration: underline !important;font-weight: bold;\" rel=\"nofollow noopener\" target=\"_blank\">Se connecter<\/a><\/p>\n<p>Profitez de 3 mois offerts<br \/>et acc\u00e9dez \u00e0 tous nos contenus<br \/>sans aucune publicit\u00e9<\/p>\n<p style=\"text-align:center;font-size:14px;font-family:'source-sans-pro'\">\n<a href=\"https:\/\/www.senenews.com\/rejoignez-senenews-premium-pour-soutenir-une-redaction-libre-et-independante\" style=\"text-decoration:none!important;border-bottom:1px solid\" rel=\"nofollow noopener\" target=\"_blank\">Pourquoi vous devez soutenir l\u2019initiative Senenews Premium?<\/a><\/p>\n","protected":false},"excerpt":{"rendered":"Les militants de l\u2019Alliance pour la R\u00e9publique (APR) en France ont d\u00e9sormais un nouveau coordonnateur \u00e0 la t\u00eate&hellip;\n","protected":false},"author":2,"featured_media":20487,"comment_status":"","ping_status":"","sticky":false,"template":"","format":"standard","meta":{"footnotes":""},"categories":[48],"tags":[161,272,248,159,163],"class_list":{"0":"post-20486","1":"post","2":"type-post","3":"status-publish","4":"format-standard","5":"has-post-thumbnail","7":"category-senegal","8":"tag-articles-premium","9":"tag-macky-sall","10":"tag-politique","11":"tag-senegal","12":"tag-senegal-actualites"},"share_on_mastodon":{"url":"","error":""},"_links":{"self":[{"href":"https:\/\/www.europesays.com\/africa\/wp-json\/wp\/v2\/posts\/20486","targetHints":{"allow":["GET"]}}],"collection":[{"href":"https:\/\/www.europesays.com\/africa\/wp-json\/wp\/v2\/posts"}],"about":[{"href":"https:\/\/www.europesays.com\/africa\/wp-json\/wp\/v2\/types\/post"}],"author":[{"embeddable":true,"href":"https:\/\/www.europesays.com\/africa\/wp-json\/wp\/v2\/users\/2"}],"replies":[{"embeddable":true,"href":"https:\/\/www.europesays.com\/africa\/wp-json\/wp\/v2\/comments?post=20486"}],"version-history":[{"count":0,"href":"https:\/\/www.europesays.com\/africa\/wp-json\/wp\/v2\/posts\/20486\/revisions"}],"wp:featuredmedia":[{"embeddable":true,"href":"https:\/\/www.europesays.com\/africa\/wp-json\/wp\/v2\/media\/20487"}],"wp:attachment":[{"href":"https:\/\/www.europesays.com\/africa\/wp-json\/wp\/v2\/media?parent=20486"}],"wp:term":[{"taxonomy":"category","embeddable":true,"href":"https:\/\/www.europesays.com\/africa\/wp-json\/wp\/v2\/categories?post=20486"},{"taxonomy":"post_tag","embeddable":true,"href":"https:\/\/www.europesays.com\/africa\/wp-json\/wp\/v2\/tags?post=20486"}],"curies":[{"name":"wp","href":"https:\/\/api.w.org\/{rel}","templated":true}]}}