{"id":205,"date":"2026-01-03T12:04:07","date_gmt":"2026-01-03T12:04:07","guid":{"rendered":"https:\/\/www.europesays.com\/africa\/205\/"},"modified":"2026-01-03T12:04:07","modified_gmt":"2026-01-03T12:04:07","slug":"pluvet-pour-la-deuxieme-fois-ils-se-lancent-a-lassaut-dun-raid-humanitaire-au-maroc","status":"publish","type":"post","link":"https:\/\/www.europesays.com\/africa\/205\/","title":{"rendered":"Pluvet. Pour la deuxi\u00e8me fois, ils se lancent \u00e0 l\u2019assaut d\u2019un raid humanitaire au Maroc"},"content":{"rendered":"<p>Deux habitants de Pluvet vont participer au raid solidaire\u00a0Bab el raid, qui partira le 1er \u00a0f\u00e9vrier de Fouras-les-Bains, en Charente-Maritime. Cette course humanitaire, qui permet notamment de collecter des dons et qui porte un projet de d\u00e9veloppement durable, sillonne le d\u00e9sert marocain.\u00a0Apr\u00e8s avoir particip\u00e9 en bin\u00f4me \u00e0 ce m\u00eame rallye humanitaire en 2024, c\u2019\u00e9tait une \u00e9vidence pour S\u00e9bastien Magon et Julien Dusson de partir \u00e0 nouveau\u00a0pour une nouvelle aventure dans le d\u00e9sert.<\/p>\n<p>Si le c\u00f4t\u00e9 sportif compte pour les deux hommes, c\u2019est surtout le soutien aux populations marocaines qui les motive. Apr\u00e8s avoir recueilli des fonds en organisant diverses actions, dont certaines sont toujours en cours, ils offriront un ch\u00e8que \u00e0 <a href=\"https:\/\/www.coeurdegazelles.org\/\" target=\"_blank\" rel=\"nofollow noopener\">l\u2019association C\u0153urs de gazelle<\/a>.\u00a0Ils collectent \u00e9galement des dons pour venir en aide \u00e0 des villages marocains dans le besoin (v\u00eatements, produits d\u2019hygi\u00e8ne,\u00a0etc.).\u00a0L\u2019an dernier, <a href=\"https:\/\/www.bienpublic.com\/societe\/2024\/02\/18\/ils-participent-a-un-rallye-humanitaire-au-maroc\" target=\"_blank\" rel=\"nofollow noopener\">leur \u00e9quipage<\/a> avait pu reverser la somme de 3\u00a0600\u00a0\u20ac \u00e0 C\u0153urs de gazelle, en plus des dons.<\/p>\n<p>  Plus de 3\u00a0000\u00a0\u20ac r\u00e9colt\u00e9s l\u2019an pass\u00e9<\/p>\n<p>S\u00e9bastien Magon a 52 ans, est mari\u00e9 et a trois enfants. Il est actuellement conducteur de TGV. \u00ab\u00a0\u00c0 la fin de mes \u00e9tudes, j\u2019ai obtenu un baccalaur\u00e9at F3 \u00e9lectrotechnique \u00e0 Dole\u00a0\u00bb, d\u00e9taille-t-il. \u00ab\u00a0De novembre\u00a01995 \u00e0 septembre\u00a01996, j\u2019ai effectu\u00e9 mon service militaire \u00e0 la base a\u00e9rienne 102 de Longvic. Puis le 18\u00a0novembre 1996, je suis rentr\u00e9 \u00e0 l\u2019\u00e9cole de conduite SNCF, \u00e0 Perrigny. \u00bb<\/p>\n<p>Son camarade, Julien Dusson, a 43 ans, est mari\u00e9 et a deux enfants. Il est technicien Enedis. \u00ab\u00a0J\u2019ai obtenu un BTS \u00e9lectrotechnique \u00e0 Saint-Joseph, \u00e0 Dijon, en 2003. Pendant neuf ans, j\u2019ai travaill\u00e9 pour l\u2019entreprise De Man, situ\u00e9e \u00e0 Longvic. Puis je suis entr\u00e9 \u00e0 la SNCF pour \u00eatre conducteur de fret, et ce durant neuf ans. Depuis 2023, je travaille chez Enedis.\u00a0\u00a0\u00bb<\/p>\n<p>  Deux autres \u00e9quipages de la r\u00e9gion<\/p>\n<p>S\u00e9bastien Magon et Julien Dusson embarqueront d\u00e8s le 29\u00a0janvier\u00a0\u00e0 bord de leur Peugeot 205 SR, immatricul\u00e9e AX-248-CL (voiture 182). \u00ab\u00a0Avant <a href=\"https:\/\/www.babelraid.com\/\" target=\"_blank\" rel=\"nofollow noopener\">le d\u00e9part officiel du raid<\/a> , les v\u00e9hicules doivent subir diverses v\u00e9rifications techniques\u00a0\u00bb, pr\u00e9cisent les deux amis.<\/p>\n<p>Ils seront accompagn\u00e9s de deux autres \u00e9quipages de la r\u00e9gion, qui participent au raid pour une autre association.<\/p>\n<p class=\"note\">Il sera possible de suivre le parcours de\u00a0S\u00e9bastien Magon et de\u00a0Julien Dusson, \u00e0 bord de leur voiture n\u00b0\u00a0182, sur <a href=\"https:\/\/www.facebook.com\/profile.php?id=61571503065735&amp;sk=about\" target=\"_blank\" rel=\"nofollow noopener\">les pages Facebook<\/a> et Instagram \u201cLe raid solidaire 21\u201d.<\/p>\n","protected":false},"excerpt":{"rendered":"Deux habitants de Pluvet vont participer au raid solidaire\u00a0Bab el raid, qui partira le 1er \u00a0f\u00e9vrier de Fouras-les-Bains,&hellip;\n","protected":false},"author":2,"featured_media":206,"comment_status":"","ping_status":"","sticky":false,"template":"","format":"standard","meta":{"footnotes":""},"categories":[41],"tags":[298,295,297,158,296,239,294],"class_list":{"0":"post-205","1":"post","2":"type-post","3":"status-publish","4":"format-standard","5":"has-post-thumbnail","7":"category-maroc","8":"tag-edition-region-dijonnaise","9":"tag-fil-info","10":"tag-genlis-bassin","11":"tag-maroc","12":"tag-pluvet","13":"tag-societe","14":"tag-vie-associative"},"share_on_mastodon":{"url":"","error":""},"_links":{"self":[{"href":"https:\/\/www.europesays.com\/africa\/wp-json\/wp\/v2\/posts\/205","targetHints":{"allow":["GET"]}}],"collection":[{"href":"https:\/\/www.europesays.com\/africa\/wp-json\/wp\/v2\/posts"}],"about":[{"href":"https:\/\/www.europesays.com\/africa\/wp-json\/wp\/v2\/types\/post"}],"author":[{"embeddable":true,"href":"https:\/\/www.europesays.com\/africa\/wp-json\/wp\/v2\/users\/2"}],"replies":[{"embeddable":true,"href":"https:\/\/www.europesays.com\/africa\/wp-json\/wp\/v2\/comments?post=205"}],"version-history":[{"count":0,"href":"https:\/\/www.europesays.com\/africa\/wp-json\/wp\/v2\/posts\/205\/revisions"}],"wp:featuredmedia":[{"embeddable":true,"href":"https:\/\/www.europesays.com\/africa\/wp-json\/wp\/v2\/media\/206"}],"wp:attachment":[{"href":"https:\/\/www.europesays.com\/africa\/wp-json\/wp\/v2\/media?parent=205"}],"wp:term":[{"taxonomy":"category","embeddable":true,"href":"https:\/\/www.europesays.com\/africa\/wp-json\/wp\/v2\/categories?post=205"},{"taxonomy":"post_tag","embeddable":true,"href":"https:\/\/www.europesays.com\/africa\/wp-json\/wp\/v2\/tags?post=205"}],"curies":[{"name":"wp","href":"https:\/\/api.w.org\/{rel}","templated":true}]}}