{"id":20512,"date":"2026-01-13T10:28:07","date_gmt":"2026-01-13T10:28:07","guid":{"rendered":"https:\/\/www.europesays.com\/africa\/20512\/"},"modified":"2026-01-13T10:28:07","modified_gmt":"2026-01-13T10:28:07","slug":"la-video-virale-dune-expatriee-en-larmes-dans-un-avion","status":"publish","type":"post","link":"https:\/\/www.europesays.com\/africa\/20512\/","title":{"rendered":"la vid\u00e9o virale d\u2019une expatri\u00e9e en larmes dans un avion"},"content":{"rendered":"<p style=\"font-weight: 400;\">Une vid\u00e9o r\u00e9cemment publi\u00e9e par une tiktokeuse alg\u00e9rienne expatri\u00e9e en Grande-Bretagne a provoqu\u00e9 une vague d\u2019\u00e9motion sur TikTok.<\/p>\n<p style=\"font-weight: 400;\">En moins de 24 heures, la s\u00e9quence a d\u00e9pass\u00e9 les 1,3 million de vues et a r\u00e9colt\u00e9 pr\u00e8s de 58.000 mentions Like. Et pour cause, la jeune femme alg\u00e9rienne y partage son \u00e9motion de quitter son pays, un sentiment qui fait \u00e9cho aupr\u00e8s de la <a href=\"https:\/\/www.visa-algerie.com\/diaspora-yassir-le-uber-algerien-echoue-en-france\/\" target=\"_blank\" rel=\"noopener nofollow\" data-saferedirecturl=\"https:\/\/www.google.com\/url?q=https:\/\/www.visa-algerie.com\/diaspora-yassir-le-uber-algerien-echoue-en-france\/&amp;source=gmail&amp;ust=1768381518455000&amp;usg=AOvVaw30PVO1kXVZ89XTCTss3NHe\">diaspora<\/a>.<\/p>\n<p>Une \u00ab r\u00e9alit\u00e9 am\u00e8re \u00bb virale sur TikTok<\/p>\n<p style=\"font-weight: 400;\">Dans la vid\u00e9o, l\u2019expatri\u00e9e alg\u00e9rienne originaire de Chlef appara\u00eet \u00e0 bord d\u2019un avion, assise avec ses enfants. En regardant par le hublot, alors que l\u2019appareil quitte le sol alg\u00e9rien, elle fond en larmes.<\/p>\n<p style=\"font-weight: 400;\">La sc\u00e8ne est silencieuse mais en dit beaucoup. Une nostalgie et une tristesse qu\u2019elle r\u00e9sume en l\u00e9gende dans une phrase simple : \u00ab\u00a0La r\u00e9alit\u00e9 am\u00e8re : quand l\u2019avion prend de la hauteur et que vous vous \u00e9loignez de l\u2019Alg\u00e9rie\u00a0\u00bb.<\/p>\n<p style=\"font-weight: 400;\">Un moment intime captur\u00e9 par son compagnon et qui va faire le tour du r\u00e9seau social. Cette r\u00e9action spontan\u00e9e commune \u00e0 de nombreux membres de la diaspora a trouv\u00e9 \u00e9cho parmi les internautes alg\u00e9riens.<\/p>\n<p style=\"font-weight: 400;\">Les commentaires, pr\u00e8s de 1.600, sont majoritairement sign\u00e9s par des Alg\u00e9riens, dont des\u00a0<a href=\"https:\/\/www.visa-algerie.com\/importation-de-vehicules-par-les-algeriens-de-la-diaspora-les-nouvelles-regles-2026-expliquees\/\" target=\"_blank\" rel=\"noopener nofollow\" data-saferedirecturl=\"https:\/\/www.google.com\/url?q=https:\/\/www.visa-algerie.com\/importation-de-vehicules-par-les-algeriens-de-la-diaspora-les-nouvelles-regles-2026-expliquees\/&amp;source=gmail&amp;ust=1768381518455000&amp;usg=AOvVaw0v_bhRRGKLWBth2uEw9ECB\">Alg\u00e9riens vivant \u00e0 l\u2019\u00e9tranger<\/a>.<\/p>\n<p>\u00ab J\u2019ai le m\u00eame sentiment \u00e0 chaque fois\u2026 \u00bb<\/p>\n<p style=\"font-weight: 400;\">Beaucoup se reconnaissent dans l\u2019\u00e9moi de la jeune femme et t\u00e9moignent : \u00ab\u00a0Je suis partie d\u2019Alg\u00e9rie il y a un mois, je pleure tous les jours\u00a0\u00bb, \u00ab\u00a0Quand on prend l\u2019avion, on a l\u2019impression de tout laisser derri\u00e8re nous\u00a0\u00bb.<\/p>\n<p><a title=\"@myriamkaii\" href=\"https:\/\/www.tiktok.com\/@myriamkaii?refer=embed\" target=\"_blank\" rel=\"noopener nofollow\">@myriamkaii<\/a> <a title=\"algeria\" href=\"https:\/\/www.tiktok.com\/tag\/algeria?refer=embed\" target=\"_blank\" rel=\"noopener nofollow\">#algeria<\/a> <a title=\"dzair\" href=\"https:\/\/www.tiktok.com\/tag\/dzair?refer=embed\" target=\"_blank\" rel=\"noopener nofollow\">#dzair<\/a> <a title=\"\u0628\u0644\u0627\u062f\u064a\" href=\"https:\/\/www.tiktok.com\/tag\/%D8%A8%D9%84%D8%A7%D8%AF%D9%8A?refer=embed\" target=\"_blank\" rel=\"noopener nofollow\">#\u0628\u0644\u0627\u062f\u064a<\/a> <a title=\"algerie\" href=\"https:\/\/www.tiktok.com\/tag\/algerie?refer=embed\" target=\"_blank\" rel=\"noopener nofollow\">#algerie<\/a> <a title=\"algerienne\" href=\"https:\/\/www.tiktok.com\/tag\/algerienne?refer=embed\" target=\"_blank\" rel=\"noopener nofollow\">#algerienne<\/a> <a title=\"\u266c son original - mco oran\" href=\"https:\/\/www.tiktok.com\/music\/son-original-7327038327817620230?refer=embed\" target=\"_blank\" rel=\"noopener nofollow\">\u266c son original \u2013 mco oran<\/a><\/p>\n<p style=\"font-weight: 400;\">Certains \u00e9voquent une douleur qui ne s\u2019att\u00e9nue pas avec le temps, comme cette Alg\u00e9rienne install\u00e9e au Canada : \u00ab\u00a0Je suis expatri\u00e9e depuis 22 ans et je pleure toujours autant\u00a0\u00bb, ou encore : \u00ab\u00a0Je pleure \u00e0 l\u2019aller et au retour\u00a0\u00bb.<\/p>\n<p style=\"font-weight: 400;\">Une internaute bas\u00e9e aux \u00c9tats-Unis partage aussi sa nostalgie : \u00ab\u00a0J\u2019ai le m\u00eame sentiment \u00e0 chaque fois que je rentre aux \u00c9tats-Unis apr\u00e8s des vacances en Alg\u00e9rie\u00a0\u00bb.<\/p>\n<p>                            <script async src=\"\/\/www.tiktok.com\/embed.js\"><\/script><\/p>\n","protected":false},"excerpt":{"rendered":"Une vid\u00e9o r\u00e9cemment publi\u00e9e par une tiktokeuse alg\u00e9rienne expatri\u00e9e en Grande-Bretagne a provoqu\u00e9 une vague d\u2019\u00e9motion sur TikTok.&hellip;\n","protected":false},"author":2,"featured_media":20513,"comment_status":"","ping_status":"","sticky":false,"template":"","format":"standard","meta":{"footnotes":""},"categories":[254],"tags":[255,12769],"class_list":{"0":"post-20512","1":"post","2":"type-post","3":"status-publish","4":"format-standard","5":"has-post-thumbnail","7":"category-algerie","8":"tag-algerie","9":"tag-diaspora-algerienne"},"share_on_mastodon":{"url":"","error":""},"_links":{"self":[{"href":"https:\/\/www.europesays.com\/africa\/wp-json\/wp\/v2\/posts\/20512","targetHints":{"allow":["GET"]}}],"collection":[{"href":"https:\/\/www.europesays.com\/africa\/wp-json\/wp\/v2\/posts"}],"about":[{"href":"https:\/\/www.europesays.com\/africa\/wp-json\/wp\/v2\/types\/post"}],"author":[{"embeddable":true,"href":"https:\/\/www.europesays.com\/africa\/wp-json\/wp\/v2\/users\/2"}],"replies":[{"embeddable":true,"href":"https:\/\/www.europesays.com\/africa\/wp-json\/wp\/v2\/comments?post=20512"}],"version-history":[{"count":0,"href":"https:\/\/www.europesays.com\/africa\/wp-json\/wp\/v2\/posts\/20512\/revisions"}],"wp:featuredmedia":[{"embeddable":true,"href":"https:\/\/www.europesays.com\/africa\/wp-json\/wp\/v2\/media\/20513"}],"wp:attachment":[{"href":"https:\/\/www.europesays.com\/africa\/wp-json\/wp\/v2\/media?parent=20512"}],"wp:term":[{"taxonomy":"category","embeddable":true,"href":"https:\/\/www.europesays.com\/africa\/wp-json\/wp\/v2\/categories?post=20512"},{"taxonomy":"post_tag","embeddable":true,"href":"https:\/\/www.europesays.com\/africa\/wp-json\/wp\/v2\/tags?post=20512"}],"curies":[{"name":"wp","href":"https:\/\/api.w.org\/{rel}","templated":true}]}}