{"id":20516,"date":"2026-01-13T10:30:35","date_gmt":"2026-01-13T10:30:35","guid":{"rendered":"https:\/\/www.europesays.com\/africa\/20516\/"},"modified":"2026-01-13T10:30:35","modified_gmt":"2026-01-13T10:30:35","slug":"nizar-baraka-admet-lenlisement-des-etudes-geologiques-du-tunnel-dourika-reliant-marrakech-a-ouarzazate-et-dresse-un-constat-dechec","status":"publish","type":"post","link":"https:\/\/www.europesays.com\/africa\/20516\/","title":{"rendered":"Nizar Baraka admet l\u2019enlisement des \u00e9tudes g\u00e9ologiques du tunnel d\u2019Ourika reliant Marrakech \u00e0 Ouarzazate et dresse un constat d\u2019\u00e9chec"},"content":{"rendered":"<p>\n\t\t\tAdil Ettabaa<br \/>\n\t\t\t|<\/p>\n<p>\t\t\t\t10:55 &#8211; 13 janvier 2026<\/p>\n<p>\t\t\t\t<img width=\"700\" height=\"394\" src=\"https:\/\/www.europesays.com\/africa\/wp-content\/uploads\/2026\/01\/image-214-700x394.png\" class=\"attachment-hybrid-single size-hybrid-single wp-post-image\" alt=\"\" decoding=\"async\" fetchpriority=\"high\"  \/>\t\t\t<\/p>\n<p>Le ministre de l\u2019\u00e9quipement et de l\u2019eau Nizar Baraka a admis, lundi 12 janvier devant la Chambre des repr\u00e9sentants, l\u2019\u00e9chec des travaux pr\u00e9paratoires relatifs au tunnel d\u2019Ourika, ouvrage souterrain d\u2019environ dix kilom\u00e8tres destin\u00e9 \u00e0 relier Marrakech \u00e0 Ouarzazate \u00e0 travers le Haut Atlas. Cet aveu consacre la persistance d\u2019obstacles techniques majeurs dans un projet longtemps pr\u00e9sent\u00e9 comme d\u00e9terminant pour la continuit\u00e9 territoriale entre le Sud-Est et le centre du pays.<\/p>\n<p>Prenant la parole lors des questions orales, le ministre a reconnu que l\u2019administration demeurait entrav\u00e9e au stade fondamental de la connaissance du terrain, conc\u00e9dant que \u00ables services concern\u00e9s sont rest\u00e9s bloqu\u00e9s au niveau de l\u2019\u00e9tude technique\u00bb et que \u00abl\u2019identification pr\u00e9cise de la nature g\u00e9ologique du site constitue un pr\u00e9alable incontournable\u00bb. Il a indiqu\u00e9 que \u00abdeux march\u00e9s publics successifs, conclus avec des soci\u00e9t\u00e9s sp\u00e9cialis\u00e9es, n\u2019ont pas permis d\u2019aboutir \u00e0 une \u00e9tude exploitable\u00bb, consacrant de fait l\u2019insucc\u00e8s des d\u00e9marches engag\u00e9es.<\/p>\n<p>Une expertise g\u00e9ologique inaboutie et l\u2019appel \u00e0 des soci\u00e9t\u00e9s \u00e9trang\u00e8res<\/p>\n<p>Le ministre a pr\u00e9cis\u00e9 que la complexit\u00e9 du sous-sol concern\u00e9 imposait une rigueur scientifique d\u00e9licate, relevant que \u00abla d\u00e9termination des formations g\u00e9ologiques conditionne tant la m\u00e9thode de percement que l\u2019\u00e9valuation financi\u00e8re du projet\u00bb. Face \u00e0 cette impasse, il a fait \u00e9tat de \u00abpropositions \u00e9manant de soci\u00e9t\u00e9s \u00e9trang\u00e8res susceptibles de conduire cette \u00e9tude d\u00e9cisive\u00bb, tout en affirmant que \u00abla r\u00e9alisation du tunnel demeure un objectif maintenu\u00bb.<\/p>\n<p>Il a ajout\u00e9 que l\u2019estimation du co\u00fbt global de l\u2019ouvrage resterait indissociable de l\u2019ach\u00e8vement de ces investigations, soulignant que \u00abla mobilisation des ressources financi\u00e8res ne saurait pr\u00e9c\u00e9der la connaissance exacte du terrain\u00bb.<\/p>\n<p>Routes rurales et fragilit\u00e9s r\u00e9v\u00e9l\u00e9es par les intemp\u00e9ries<\/p>\n<p>Abordant un autre volet de son intervention, M. Baraka a rappel\u00e9 que son d\u00e9partement poursuivait une politique de d\u00e9senclavement du monde rural, indiquant que \u00able programme des routes rurales a permis la r\u00e9alisation de 22 000 kilom\u00e8tres\u00bb et qu\u2019un dispositif sp\u00e9cifique pr\u00e9voyait \u00abl\u2019entretien annuel de 500 kilom\u00e8tres de routes non class\u00e9es\u00bb, appuy\u00e9 par des conventions conclues avec les r\u00e9gions.<\/p>\n<p>\u00c9voquant les r\u00e9centes pr\u00e9cipitations pluvieuses et neigeuses, le ministre a indiqu\u00e9 que celles-ci avaient affect\u00e9 \u00abplus de 156 tron\u00e7ons du r\u00e9seau routier national, r\u00e9gional et provincial\u00bb entre le 12 d\u00e9cembre et le 7 janvier, provoquant crues, \u00e9boulements et glissements de terrain. Il a pr\u00e9cis\u00e9 que \u00abl\u2019accumulation de neige a atteint jusqu\u2019\u00e0 3 m\u00e8tres sur certains axes d\u2019Azilal, Tinghir, Guercif, Taza et Boulemane\u00bb, entra\u00eenant l\u2019interruption de la circulation sur \u00ab88 routes, pour un lin\u00e9aire d\u00e9passant 2 435 kilom\u00e8tres\u00bb.<\/p>\n<p>R\u00e9pondant aux critiques formul\u00e9es par plusieurs d\u00e9put\u00e9s, le ministre a affirm\u00e9 que son d\u00e9partement proc\u00e9dait \u00abselon des indicateurs pr\u00e9cis pour hi\u00e9rarchiser les priorit\u00e9s de r\u00e9paration\u00bb, tout en rappelant que \u00abla r\u00e9sorption des d\u00e9gradations routi\u00e8res rel\u00e8ve d\u2019une action interminist\u00e9rielle\u00bb.<\/p>\n","protected":false},"excerpt":{"rendered":"Adil Ettabaa | 10:55 &#8211; 13 janvier 2026 Le ministre de l\u2019\u00e9quipement et de l\u2019eau Nizar Baraka a&hellip;\n","protected":false},"author":2,"featured_media":20517,"comment_status":"","ping_status":"","sticky":false,"template":"","format":"standard","meta":{"footnotes":""},"categories":[41],"tags":[158],"class_list":{"0":"post-20516","1":"post","2":"type-post","3":"status-publish","4":"format-standard","5":"has-post-thumbnail","7":"category-maroc","8":"tag-maroc"},"share_on_mastodon":{"url":"","error":""},"_links":{"self":[{"href":"https:\/\/www.europesays.com\/africa\/wp-json\/wp\/v2\/posts\/20516","targetHints":{"allow":["GET"]}}],"collection":[{"href":"https:\/\/www.europesays.com\/africa\/wp-json\/wp\/v2\/posts"}],"about":[{"href":"https:\/\/www.europesays.com\/africa\/wp-json\/wp\/v2\/types\/post"}],"author":[{"embeddable":true,"href":"https:\/\/www.europesays.com\/africa\/wp-json\/wp\/v2\/users\/2"}],"replies":[{"embeddable":true,"href":"https:\/\/www.europesays.com\/africa\/wp-json\/wp\/v2\/comments?post=20516"}],"version-history":[{"count":0,"href":"https:\/\/www.europesays.com\/africa\/wp-json\/wp\/v2\/posts\/20516\/revisions"}],"wp:featuredmedia":[{"embeddable":true,"href":"https:\/\/www.europesays.com\/africa\/wp-json\/wp\/v2\/media\/20517"}],"wp:attachment":[{"href":"https:\/\/www.europesays.com\/africa\/wp-json\/wp\/v2\/media?parent=20516"}],"wp:term":[{"taxonomy":"category","embeddable":true,"href":"https:\/\/www.europesays.com\/africa\/wp-json\/wp\/v2\/categories?post=20516"},{"taxonomy":"post_tag","embeddable":true,"href":"https:\/\/www.europesays.com\/africa\/wp-json\/wp\/v2\/tags?post=20516"}],"curies":[{"name":"wp","href":"https:\/\/api.w.org\/{rel}","templated":true}]}}