{"id":20566,"date":"2026-01-13T10:59:07","date_gmt":"2026-01-13T10:59:07","guid":{"rendered":"https:\/\/www.europesays.com\/africa\/20566\/"},"modified":"2026-01-13T10:59:07","modified_gmt":"2026-01-13T10:59:07","slug":"cooperation-militaire-le-ministre-pakistanais-de-la-defense-en-visite-officielle-au-maroc","status":"publish","type":"post","link":"https:\/\/www.europesays.com\/africa\/20566\/","title":{"rendered":"Coop\u00e9ration militaire : le ministre pakistanais de la D\u00e9fense en visite officielle au\u00a0Maroc"},"content":{"rendered":"<p>\t\t\t\t\t<img decoding=\"async\" width=\"900\" height=\"540\" src=\"https:\/\/www.europesays.com\/africa\/wp-content\/uploads\/2026\/01\/Khawaja-Asif--900x540.jpg\" class=\"attachment-tumbnail-medium size-tumbnail-medium wp-post-image\" alt=\"Khawaja Asif, ministre pakistanais de la D\u00e9fense\" loading=\"lazy\"  \/>\t\t\t\t\t<\/p>\n<p>Khawaja Asif, ministre pakistanais de la D\u00e9fense. Cr\u00e9dit : DR<\/p>\n<p>Le ministre pakistanais de la D\u00e9fense, Khawaja Muhammad Asif, effectue une visite officielle au Maroc, dans un contexte marqu\u00e9 par un resserrement progressif des relations s\u00e9curitaires et militaires entre Rabat et Islamabad. Arriv\u00e9 \u00e0 Casablanca le 12\u00a0janvier, le responsable pakistanais conduit une d\u00e9l\u00e9gation de haut niveau pour une s\u00e9rie d\u2019entretiens ax\u00e9s sur le renforcement de la coop\u00e9ration bilat\u00e9rale en mati\u00e8re de d\u00e9fense.<\/p>\n<p>Selon les m\u00e9dias pakistanais, cette visite s\u2019inscrit dans le cadre d\u2019un d\u00e9placement officiel de trois jours, au cours duquel Khawaja Asif doit s\u2019entretenir avec Abdellatif Loudyi, ministre d\u00e9l\u00e9gu\u00e9 aupr\u00e8s du Chef du gouvernement, charg\u00e9 de l\u2019Administration de la d\u00e9fense nationale. Les discussions porteront principalement sur les perspectives de coop\u00e9ration militaire, la formation, l\u2019\u00e9change d\u2019expertise et le renforcement des capacit\u00e9s institutionnelles.<\/p>\n<p>Les m\u00eames sources indiquent que les deux parties travaillent \u00e0 la finalisation d\u2019un m\u00e9morandum d\u2019entente destin\u00e9 \u00e0 structurer et approfondir la collaboration bilat\u00e9rale dans le domaine de la d\u00e9fense. Ce cadre formel pourrait couvrir plusieurs volets, allant de la coop\u00e9ration technique \u00e0 la formation des cadres, en passant par les \u00e9changes d\u2019exp\u00e9riences en mati\u00e8re de modernisation des forces arm\u00e9es et de gestion des institutions de d\u00e9fense.<\/p>\n<p>La visite du ministre pakistanais intervient dans un contexte o\u00f9 le Maroc multiplie les partenariats s\u00e9curitaires avec des pays disposant d\u2019une expertise militaire reconnue, <a href=\"https:\/\/ledesk.ma\/enclair\/tata-advanced-systems-maroc-fruit-de-la-convergence-militaro-industrielle-entre-rabat-et-new-delhi\/\" target=\"_blank\" rel=\"noopener nofollow\">notamment l\u2019Inde<\/a>, rival historique du Pakistan.<\/p>\n<p>Le Pakistan, puissance militaire r\u00e9gionale dot\u00e9e d\u2019une industrie de d\u00e9fense structur\u00e9e et d\u2019une longue exp\u00e9rience op\u00e9rationnelle, appara\u00eet comme un interlocuteur strat\u00e9gique dans cette dynamique de diversification des coop\u00e9rations.<\/p>\n<p>C\u00f4t\u00e9 pakistanais, cette visite est pr\u00e9sent\u00e9e comme une \u00e9tape importante dans la consolidation des relations avec le Maroc, per\u00e7u \u00e0 Islamabad comme un partenaire stable et influent en Afrique du Nord et dans le monde arabe. Les m\u00e9dias pakistanais soulignent \u00e9galement la dimension politique de ce d\u00e9placement, qui vise \u00e0 renforcer un axe de coop\u00e9ration Sud-Sud fond\u00e9 sur des int\u00e9r\u00eats s\u00e9curitaires convergents.<\/p>\n<p style=\"margin-top:20px; font-style: italic; font-size:15px;\">\u00a9\ufe0f Copyright Pulse Media. Tous droits r\u00e9serv\u00e9s. <br \/>Reproduction et diffusions interdites (photocopies, intranet, web, messageries, newsletters, outils de veille) sans autorisation \u00e9crite.<\/p>\n","protected":false},"excerpt":{"rendered":"Khawaja Asif, ministre pakistanais de la D\u00e9fense. Cr\u00e9dit : DR Le ministre pakistanais de la D\u00e9fense, Khawaja Muhammad&hellip;\n","protected":false},"author":2,"featured_media":20567,"comment_status":"","ping_status":"","sticky":false,"template":"","format":"standard","meta":{"footnotes":""},"categories":[41],"tags":[158],"class_list":{"0":"post-20566","1":"post","2":"type-post","3":"status-publish","4":"format-standard","5":"has-post-thumbnail","7":"category-maroc","8":"tag-maroc"},"share_on_mastodon":{"url":"","error":""},"_links":{"self":[{"href":"https:\/\/www.europesays.com\/africa\/wp-json\/wp\/v2\/posts\/20566","targetHints":{"allow":["GET"]}}],"collection":[{"href":"https:\/\/www.europesays.com\/africa\/wp-json\/wp\/v2\/posts"}],"about":[{"href":"https:\/\/www.europesays.com\/africa\/wp-json\/wp\/v2\/types\/post"}],"author":[{"embeddable":true,"href":"https:\/\/www.europesays.com\/africa\/wp-json\/wp\/v2\/users\/2"}],"replies":[{"embeddable":true,"href":"https:\/\/www.europesays.com\/africa\/wp-json\/wp\/v2\/comments?post=20566"}],"version-history":[{"count":0,"href":"https:\/\/www.europesays.com\/africa\/wp-json\/wp\/v2\/posts\/20566\/revisions"}],"wp:featuredmedia":[{"embeddable":true,"href":"https:\/\/www.europesays.com\/africa\/wp-json\/wp\/v2\/media\/20567"}],"wp:attachment":[{"href":"https:\/\/www.europesays.com\/africa\/wp-json\/wp\/v2\/media?parent=20566"}],"wp:term":[{"taxonomy":"category","embeddable":true,"href":"https:\/\/www.europesays.com\/africa\/wp-json\/wp\/v2\/categories?post=20566"},{"taxonomy":"post_tag","embeddable":true,"href":"https:\/\/www.europesays.com\/africa\/wp-json\/wp\/v2\/tags?post=20566"}],"curies":[{"name":"wp","href":"https:\/\/api.w.org\/{rel}","templated":true}]}}