{"id":20633,"date":"2026-01-13T11:42:06","date_gmt":"2026-01-13T11:42:06","guid":{"rendered":"https:\/\/www.europesays.com\/africa\/20633\/"},"modified":"2026-01-13T11:42:06","modified_gmt":"2026-01-13T11:42:06","slug":"gagner-la-can-avec-le-senegal-cest-lobjectif-ultime-donc-l-faut-etre-a","status":"publish","type":"post","link":"https:\/\/www.europesays.com\/africa\/20633\/","title":{"rendered":"\u201cGagner la CAN avec le S\u00e9n\u00e9gal, c\u2019est l\u2019objectif ultime, donc l faut \u00eatre \u00e0&#8230;\u201d"},"content":{"rendered":"<p class=\"firstp\">Milieu de terrain des Lions du S\u00e9n\u00e9gal, Habib Diarra est revenu sur le parcours de l\u2019\u00e9quipe nationale \u00e0 la Coupe d\u2019Afrique des Nations lors d\u2019un entretien accord\u00e9 \u00e0 Canal+. Le soci\u00e9taire de Sunderland s\u2019est confi\u00e9 avec lucidit\u00e9 sur la performance collective, la concurrence interne et son r\u00eave ultime : soulever le troph\u00e9e continental.<\/p>\n<p data-start=\"556\" data-end=\"953\">\u00c9voquant le quart de finale remport\u00e9 face au Mali, le jeune international s\u00e9n\u00e9galais a reconnu la difficult\u00e9 de la rencontre.<br data-start=\"681\" data-end=\"684\"\/>\u00ab On savait que \u00e7a allait \u00eatre un match tr\u00e8s dur. Le Mali est une \u00e9quipe dominante, avec de fortes individualit\u00e9s. Mais on avait bien pr\u00e9par\u00e9 le match. \u00c7a a \u00e9t\u00e9 compliqu\u00e9, mais on est rest\u00e9s concentr\u00e9s et on a fait ce qu\u2019il fallait pour se qualifier \u00bb, a-t-il expliqu\u00e9.\n<\/p>\n<p data-start=\"955\" data-end=\"1217\">Malgr\u00e9 cette qualification pour le dernier carr\u00e9, <a href=\"https:\/\/www.senenews.com\/actualites\/carriere-brisee-reve-accompli-a-travers-son-fils-les-revelations-du-pere-de-habib-diarra_571799.html\" rel=\"nofollow noopener\" target=\"_blank\">Habib Diarra<\/a> estime que le groupe peut encore hausser son niveau de jeu.<br data-start=\"1077\" data-end=\"1080\"\/>\u00ab On peut mieux faire. On a des joueurs capables de donner plus. Pour l\u2019instant, on ne s\u2019est pas encore donn\u00e9s \u00e0 100 % \u00bb, a-t-il reconnu.\n<\/p>\n<p data-start=\"1219\" data-end=\"1548\">Pour le milieu s\u00e9n\u00e9galais, cette CAN rev\u00eat une dimension toute particuli\u00e8re.<br data-start=\"1295\" data-end=\"1298\"\/>\u00ab C\u2019est ma premi\u00e8re CAN. \u00catre d\u00e9j\u00e0 en demi-finale, c\u2019est un r\u00eave. Les adversaires sont tr\u00e8s performants, \u00e7a nous oblige \u00e0 nous d\u00e9passer. On ne peut pas jouer \u00e0 moiti\u00e9, surtout au milieu de terrain. Il faut \u00eatre \u00e0 1000 % \u00bb, a-t-il confi\u00e9 avec \u00e9motion.\n<\/p>\n<p data-start=\"1550\" data-end=\"1793\">La concurrence, omnipr\u00e9sente au sein du groupe, est per\u00e7ue comme une force.<br data-start=\"1629\" data-end=\"1632\"\/>\u00ab Elle est extr\u00eamement rude. Il y a des joueurs performants partout, en club comme en s\u00e9lection. Cette concurrence nous pousse \u00e0 nous surpasser \u00bb, souligne-t-il.\n<\/p>\n<p data-start=\"1795\" data-end=\"2077\">Diarra insiste \u00e9galement sur un facteur cl\u00e9 selon lui : l\u2019unit\u00e9 du groupe.<br data-start=\"1869\" data-end=\"1872\"\/>\u00ab Tout le monde peut gagner cette CAN. Ce n\u2019est pas forc\u00e9ment la meilleure \u00e9quipe sur le papier qui gagne, mais celle qui est la plus soud\u00e9e, la plus solidaire, celle qui vit bien ensemble \u00bb, affirme-t-il.\n<\/p>\n<p data-start=\"2079\" data-end=\"2343\">Quant \u00e0 ses ambitions personnelles, le message est clair.<br data-start=\"2136\" data-end=\"2139\"\/>\u00ab Gagner la CAN pour son pays, c\u2019est inestimable. Il n\u2019y a pas d\u2019objectif plus grand. Revoir les images du sacre m\u2019a donn\u00e9 les larmes aux yeux. C\u2019est exactement ce qu\u2019on a envie de vivre \u00bb, a-t-il conclu.<\/p>\n<p data-start=\"2345\" data-end=\"2544\">Initialement annonc\u00e9 comme rempla\u00e7ant, Habib Diarra a progressivement conquis une place de titulaire, illustrant sa mont\u00e9e en puissance et son int\u00e9gration r\u00e9ussie au sein des Lions de la Teranga.<\/p>\n","protected":false},"excerpt":{"rendered":"Milieu de terrain des Lions du S\u00e9n\u00e9gal, Habib Diarra est revenu sur le parcours de l\u2019\u00e9quipe nationale \u00e0&hellip;\n","protected":false},"author":2,"featured_media":20634,"comment_status":"","ping_status":"","sticky":false,"template":"","format":"standard","meta":{"footnotes":""},"categories":[48],"tags":[311,12833,159,163],"class_list":{"0":"post-20633","1":"post","2":"type-post","3":"status-publish","4":"format-standard","5":"has-post-thumbnail","7":"category-senegal","8":"tag-football","9":"tag-habib-diarra","10":"tag-senegal","11":"tag-senegal-actualites"},"share_on_mastodon":{"url":"","error":""},"_links":{"self":[{"href":"https:\/\/www.europesays.com\/africa\/wp-json\/wp\/v2\/posts\/20633","targetHints":{"allow":["GET"]}}],"collection":[{"href":"https:\/\/www.europesays.com\/africa\/wp-json\/wp\/v2\/posts"}],"about":[{"href":"https:\/\/www.europesays.com\/africa\/wp-json\/wp\/v2\/types\/post"}],"author":[{"embeddable":true,"href":"https:\/\/www.europesays.com\/africa\/wp-json\/wp\/v2\/users\/2"}],"replies":[{"embeddable":true,"href":"https:\/\/www.europesays.com\/africa\/wp-json\/wp\/v2\/comments?post=20633"}],"version-history":[{"count":0,"href":"https:\/\/www.europesays.com\/africa\/wp-json\/wp\/v2\/posts\/20633\/revisions"}],"wp:featuredmedia":[{"embeddable":true,"href":"https:\/\/www.europesays.com\/africa\/wp-json\/wp\/v2\/media\/20634"}],"wp:attachment":[{"href":"https:\/\/www.europesays.com\/africa\/wp-json\/wp\/v2\/media?parent=20633"}],"wp:term":[{"taxonomy":"category","embeddable":true,"href":"https:\/\/www.europesays.com\/africa\/wp-json\/wp\/v2\/categories?post=20633"},{"taxonomy":"post_tag","embeddable":true,"href":"https:\/\/www.europesays.com\/africa\/wp-json\/wp\/v2\/tags?post=20633"}],"curies":[{"name":"wp","href":"https:\/\/api.w.org\/{rel}","templated":true}]}}