{"id":20635,"date":"2026-01-13T11:43:07","date_gmt":"2026-01-13T11:43:07","guid":{"rendered":"https:\/\/www.europesays.com\/africa\/20635\/"},"modified":"2026-01-13T11:43:07","modified_gmt":"2026-01-13T11:43:07","slug":"un-vol-ryanair-deroute-a-cause-dune-passagere-ivre","status":"publish","type":"post","link":"https:\/\/www.europesays.com\/africa\/20635\/","title":{"rendered":"un vol Ryanair d\u00e9rout\u00e9 \u00e0 cause d\u2019une passag\u00e8re ivre"},"content":{"rendered":"<p style=\"font-weight: 400;\">Un vol de la compagnie a\u00e9rienne \u00e0 bas prix\u00a0<a href=\"https:\/\/www.visa-algerie.com\/billets-davion-vers-lalgerie-un-depute-de-la-diaspora-appelle-a-autoriser-ryanair\/\" rel=\"nofollow noopener\" target=\"_blank\">Ryanair\u00a0<\/a>en provenance de l\u2019a\u00e9roport de Marrakech (Maroc) vers Barcelone (Espagne) a effectu\u00e9 un atterrissage d\u2019urgence dimanche 11 janvier, en raison d\u2019une passag\u00e8re ivre.<\/p>\n<p style=\"font-weight: 400;\">Les vols en provenance ou \u00e0 destination des hauts lieux touristiques sont r\u00e9guli\u00e8rement confront\u00e9s aux comportements perturbateurs de certains passagers.<\/p>\n<p>NOS VIDEOS<\/p>\n<p style=\"font-weight: 400;\">Dimanche dernier, le vol FR2251 de Ryanair a d\u00e9coll\u00e9 de l\u2019a\u00e9roport de Marrakech \u00e0 13 h 16. Alors qu\u2019il devait rejoindre l\u2019a\u00e9roport de Barcelone en Espagne, l\u2019avion de la low cost Irlandaise a \u00e9t\u00e9 d\u00e9rout\u00e9 vers l\u2019a\u00e9roport de F\u00e8s.<\/p>\n<p>Elle s\u2019est lev\u00e9e de sa place pendant que l\u2019avion acc\u00e9l\u00e9rait pour le d\u00e9collage<\/p>\n<p style=\"font-weight: 400;\">La raison\u00a0? Une passag\u00e8re en \u00e9tat d\u2019\u00e9bri\u00e9t\u00e9 a sem\u00e9 le chaos en plein vol, ce qui a contraint l\u2019\u00e9quipage \u00e0 d\u00e9router l\u2019appareil vers l\u2019a\u00e9roport le plus proche, rapporte la page sp\u00e9cialis\u00e9e Moroccan Aviation.<\/p>\n<p style=\"font-weight: 400;\">La passag\u00e8re perturbatrice a commenc\u00e9 \u00e0 commettre des comportements inappropri\u00e9s au moment m\u00eame o\u00f9 l\u2019appareil s\u2019appr\u00eatait \u00e0 d\u00e9coller sur le tarmac de l\u2019a\u00e9roport de Marrakech.<\/p>\n<p style=\"font-weight: 400;\">Selon des t\u00e9moignages de voyageurs, elle s\u2019est lev\u00e9e de sa place pendant que l\u2019avion acc\u00e9l\u00e9rait pour le d\u00e9collage, un comportement totalement irresponsable et contraire aux consignes de s\u00e9curit\u00e9 les plus \u00e9l\u00e9mentaires.<\/p>\n<p style=\"font-weight: 400;\">L\u2019\u00e9quipage de cabine a tent\u00e9 de calmer la voyageuse, mais en raison de son \u00e9tat d\u2019\u00e9bri\u00e9t\u00e9 avanc\u00e9, elle les a ignor\u00e9s et a continu\u00e9 \u00e0 se montrer agressive envers plusieurs autres passagers.<\/p>\n<p>\u00a0<\/p>\n<p>View this post on Instagram<\/p>\n<p>\u00a0<\/p>\n<p>L\u2019avion Ryanair d\u00e9rout\u00e9 vers l\u2019a\u00e9roport de F\u00e8s<\/p>\n<p style=\"font-weight: 400;\">Face \u00e0 cette situation, l\u2019\u00e9quipage du vol\u00a0<a href=\"https:\/\/www.visa-algerie.com\/ryanair-au-maroc-des-voyageurs-denoncent-des-frais-injustifies\/\" rel=\"nofollow noopener\" target=\"_blank\">Ryanair\u00a0<\/a>a d\u00e9cid\u00e9 de d\u00e9router l\u2019avion vers l\u2019a\u00e9roport de F\u00e8s. L\u2019appareil a atterri \u00e0 14 h 10, soit moins d\u2019une heure apr\u00e8s son d\u00e9part de l\u2019a\u00e9roport de Marrakech, a-t-on constat\u00e9 sur Flight Radar.<\/p>\n<p style=\"font-weight: 400;\">D\u00e8s l\u2019arriv\u00e9e de l\u2019avion \u00e0 l\u2019a\u00e9roport de F\u00e8s, des agents de la gendarmerie marocaine sont mont\u00e9s dans l\u2019avion pour d\u00e9barquer la passag\u00e8re perturbatrice. Une proc\u00e9dure judiciaire a \u00e9t\u00e9 ouverte \u00e0 son encontre.<\/p>\n<p style=\"font-weight: 400;\">Document\u00e9 en vid\u00e9o, le moment de l\u2019intervention des services de s\u00e9curit\u00e9 a \u00e9t\u00e9 largement relay\u00e9 et comment\u00e9 sur les r\u00e9seaux sociaux. Dans la s\u00e9quence, on peut voir la passag\u00e8re s\u2019en prendre \u00e0 des passagers, alors qu\u2019un Stewart tentait de l\u2019escorter vers l\u2019avant de la cabine.<\/p>\n<p style=\"font-weight: 400;\">Au milieu du chaos, les gendarmes sont intervenus et ont pris le relais. Sans r\u00e9sistance, la passag\u00e8re a \u00e9t\u00e9 imm\u00e9diatement d\u00e9barqu\u00e9e. L\u2019avion a repris son vol \u00e0 15 h 29 et a atterri \u00e0 l\u2019a\u00e9roport de Barcelone \u00e0 17 h 12.<\/p>\n<p><a title=\"@ac2ality\" href=\"https:\/\/www.tiktok.com\/@ac2ality?refer=embed\" target=\"_blank\" rel=\"noopener nofollow\">@ac2ality<\/a>\ud83d\ude35\u200d\ud83d\udcab<\/p>\n<p><a title=\"\u266c sonido original - ac2ality\" href=\"https:\/\/www.tiktok.com\/music\/sonido-original-7594570698035661623?refer=embed\" target=\"_blank\" rel=\"noopener nofollow\">\u266c sonido original \u2013 ac2ality<\/a><\/p>\n<p>                            <script async src=\"\/\/www.tiktok.com\/embed.js\"><\/script><\/p>\n","protected":false},"excerpt":{"rendered":"Un vol de la compagnie a\u00e9rienne \u00e0 bas prix\u00a0Ryanair\u00a0en provenance de l\u2019a\u00e9roport de Marrakech (Maroc) vers Barcelone (Espagne)&hellip;\n","protected":false},"author":2,"featured_media":20636,"comment_status":"","ping_status":"","sticky":false,"template":"","format":"standard","meta":{"footnotes":""},"categories":[41],"tags":[158,12834],"class_list":{"0":"post-20635","1":"post","2":"type-post","3":"status-publish","4":"format-standard","5":"has-post-thumbnail","7":"category-maroc","8":"tag-maroc","9":"tag-ryanair-maroc"},"share_on_mastodon":{"url":"","error":""},"_links":{"self":[{"href":"https:\/\/www.europesays.com\/africa\/wp-json\/wp\/v2\/posts\/20635","targetHints":{"allow":["GET"]}}],"collection":[{"href":"https:\/\/www.europesays.com\/africa\/wp-json\/wp\/v2\/posts"}],"about":[{"href":"https:\/\/www.europesays.com\/africa\/wp-json\/wp\/v2\/types\/post"}],"author":[{"embeddable":true,"href":"https:\/\/www.europesays.com\/africa\/wp-json\/wp\/v2\/users\/2"}],"replies":[{"embeddable":true,"href":"https:\/\/www.europesays.com\/africa\/wp-json\/wp\/v2\/comments?post=20635"}],"version-history":[{"count":0,"href":"https:\/\/www.europesays.com\/africa\/wp-json\/wp\/v2\/posts\/20635\/revisions"}],"wp:featuredmedia":[{"embeddable":true,"href":"https:\/\/www.europesays.com\/africa\/wp-json\/wp\/v2\/media\/20636"}],"wp:attachment":[{"href":"https:\/\/www.europesays.com\/africa\/wp-json\/wp\/v2\/media?parent=20635"}],"wp:term":[{"taxonomy":"category","embeddable":true,"href":"https:\/\/www.europesays.com\/africa\/wp-json\/wp\/v2\/categories?post=20635"},{"taxonomy":"post_tag","embeddable":true,"href":"https:\/\/www.europesays.com\/africa\/wp-json\/wp\/v2\/tags?post=20635"}],"curies":[{"name":"wp","href":"https:\/\/api.w.org\/{rel}","templated":true}]}}