{"id":20682,"date":"2026-01-13T12:12:06","date_gmt":"2026-01-13T12:12:06","guid":{"rendered":"https:\/\/www.europesays.com\/africa\/20682\/"},"modified":"2026-01-13T12:12:06","modified_gmt":"2026-01-13T12:12:06","slug":"maroc-27-millions-de-deces-denfants-chaque-annee","status":"publish","type":"post","link":"https:\/\/www.europesays.com\/africa\/20682\/","title":{"rendered":"Maroc : 2,7 millions de d\u00e9c\u00e8s d\u2019enfants chaque ann\u00e9e"},"content":{"rendered":"<p>Le Maroc a accueilli, le 10 janvier, le deuxi\u00e8me Congr\u00e8s africain de p\u00e9diatrie. Cet \u00e9v\u00e9nement visait \u00e0 coordonner les efforts des acteurs du syst\u00e8me de sant\u00e9 du continent afin de relever les d\u00e9fis li\u00e9s \u00e0 la sant\u00e9 infantile et n\u00e9onatale.\u00a0<\/p>\n<p>Plac\u00e9 sous le Haut Patronage du Roi Mohammed VI, la deuxi\u00e8me \u00e9dition du Congr\u00e8s africain de p\u00e9diatrie, organis\u00e9 par l\u2019Association casablancaise des p\u00e9diatres priv\u00e9s (ACPP) et l\u2019Association africaine de p\u00e9diatrie, en partenariat avec le minist\u00e8re de la Sant\u00e9 et de la Protection sociale et la Fondation Mohammed VI des Sciences et de la Sant\u00e9 (FM6SS), a r\u00e9uni des experts, professionnels et sp\u00e9cialistes issus de plusieurs pays africains, autour des enjeux li\u00e9s \u00e0 la sant\u00e9 de l\u2019enfant et des nourrissons, dans une approche fond\u00e9e sur la concertation, l\u2019\u00e9change d\u2019exp\u00e9riences et le renforcement de la coop\u00e9ration Sud-Sud. Ce congr\u00e8s a mis en lumi\u00e8re les grands d\u00e9fis p\u00e9diatriques : mortalit\u00e9 infantile, malnutrition, maladies infectieuses, mais aussi les enjeux \u00e9mergents li\u00e9s \u00e0 la sant\u00e9 mentale et aux pathologies chroniques.<\/p>\n<p>\u201cSa Majest\u00e9 le Roi que Dieu l\u2019assiste, nous a montr\u00e9 le chemin pour la collaboration Sud-Sud. Et nous, en tant que p\u00e9diatre, on suit ce chemin et on d\u00e9veloppe les relations entre nous. \u00c7a permet aussi d\u2019avoir des travaux de recherche et il faut qu\u2019on travaille main dans la main avec nos fr\u00e8res africains.\u201d<\/p>\n<p>SA\u00cfD AFIF, Pr\u00e9sident de l\u2019Association africaine de p\u00e9diatrie \u2013 Maroc<\/p>\n<p>Les experts ont \u00e9galement discut\u00e9 de l\u2019impact des in\u00e9galit\u00e9s d\u2019acc\u00e8s aux soins, du manque de p\u00e9diatres form\u00e9s dans certaines zones rurales et du r\u00f4le croissant des nouvelles technologies dans le diagnostic et le suivi des enfants. Selon l\u2019UNICEF, plus de 2,7 millions d\u2019enfants africains meurent encore chaque ann\u00e9e de causes \u00e9vitables, un chiffre qui interpelle et justifie la mobilisation scientifique actuelle.\u00a0<\/p>\n<p>\u201cNos probl\u00e8mes sont transversaux, notamment les probl\u00e8mes dans le domaine infectieux, les probl\u00e8mes dans le domaine des maladies non infectieuses, mais qui repr\u00e9sentent une vraie probl\u00e9matique. Il \u00e9tait n\u00e9cessaire que nous puissions partager nos donn\u00e9es, trouver ensemble les d\u00e9fis et chercher les solutions concr\u00e8tes.\u201d<\/p>\n<p>SIMON JONAS ATEGBO, Pr\u00e9sident de la Soci\u00e9t\u00e9 gabonaise de p\u00e9diatrie \u2013 Gabon<\/p>\n<p>En outre, Les travaux de la conf\u00e9rence ont soulign\u00e9 l\u2019importance de renforcer la formation initiale et continue des m\u00e9decins africains, consid\u00e9r\u00e9e comme un facteur cl\u00e9 pour am\u00e9liorer les soins de sant\u00e9 infantile, en tenant compte des r\u00e9alit\u00e9s locales.<\/p>\n","protected":false},"excerpt":{"rendered":"Le Maroc a accueilli, le 10 janvier, le deuxi\u00e8me Congr\u00e8s africain de p\u00e9diatrie. Cet \u00e9v\u00e9nement visait \u00e0 coordonner&hellip;\n","protected":false},"author":2,"featured_media":20683,"comment_status":"","ping_status":"","sticky":false,"template":"","format":"standard","meta":{"footnotes":""},"categories":[41],"tags":[158],"class_list":{"0":"post-20682","1":"post","2":"type-post","3":"status-publish","4":"format-standard","5":"has-post-thumbnail","7":"category-maroc","8":"tag-maroc"},"share_on_mastodon":{"url":"","error":""},"_links":{"self":[{"href":"https:\/\/www.europesays.com\/africa\/wp-json\/wp\/v2\/posts\/20682","targetHints":{"allow":["GET"]}}],"collection":[{"href":"https:\/\/www.europesays.com\/africa\/wp-json\/wp\/v2\/posts"}],"about":[{"href":"https:\/\/www.europesays.com\/africa\/wp-json\/wp\/v2\/types\/post"}],"author":[{"embeddable":true,"href":"https:\/\/www.europesays.com\/africa\/wp-json\/wp\/v2\/users\/2"}],"replies":[{"embeddable":true,"href":"https:\/\/www.europesays.com\/africa\/wp-json\/wp\/v2\/comments?post=20682"}],"version-history":[{"count":0,"href":"https:\/\/www.europesays.com\/africa\/wp-json\/wp\/v2\/posts\/20682\/revisions"}],"wp:featuredmedia":[{"embeddable":true,"href":"https:\/\/www.europesays.com\/africa\/wp-json\/wp\/v2\/media\/20683"}],"wp:attachment":[{"href":"https:\/\/www.europesays.com\/africa\/wp-json\/wp\/v2\/media?parent=20682"}],"wp:term":[{"taxonomy":"category","embeddable":true,"href":"https:\/\/www.europesays.com\/africa\/wp-json\/wp\/v2\/categories?post=20682"},{"taxonomy":"post_tag","embeddable":true,"href":"https:\/\/www.europesays.com\/africa\/wp-json\/wp\/v2\/tags?post=20682"}],"curies":[{"name":"wp","href":"https:\/\/api.w.org\/{rel}","templated":true}]}}