{"id":20699,"date":"2026-01-13T12:22:12","date_gmt":"2026-01-13T12:22:12","guid":{"rendered":"https:\/\/www.europesays.com\/africa\/20699\/"},"modified":"2026-01-13T12:22:12","modified_gmt":"2026-01-13T12:22:12","slug":"afrique-du-sud-des-exercices-militaires-des-brics-mal-vus-a-washington","status":"publish","type":"post","link":"https:\/\/www.europesays.com\/africa\/20699\/","title":{"rendered":"Afrique du Sud: des exercices militaires des BRICS mal vus \u00e0 Washington"},"content":{"rendered":"<p textalign=\"left\" class=\"\">Alors que les relations entre l\u2019Afrique du Sud et les \u00c9tats-Unis sont au plus bas, ces exercices risquent de provoquer le courroux de Washington.<\/p>\n<p textalign=\"left\" class=\"\">\u201cLes eaux internationales entourant l\u2019Afrique sont des cibles privil\u00e9gi\u00e9es pour les concurrents strat\u00e9giques qui cherchent \u00e0 stimuler leurs propres \u00e9conomies, \u00e0 semer le chaos et \u00e0 perturber l\u2019ordre \u00e9tabli afin de prendre le contr\u00f4le de pr\u00e9cieuses ressources maritimes et des voies commerciales mondiales\u201d, a d\u00e9clar\u00e9 au Wall Street Journal\u00a0 le lieutenant-g\u00e9n\u00e9ral John Brennan, commandant adjoint du commandement am\u00e9ricain pour l\u2019Afrique.<\/p>\n<p textalign=\"left\" class=\"\">Les forces am\u00e9ricaines surveillent les exercices et sont particuli\u00e8rement attentives \u00e0 toute activit\u00e9 susceptible de restreindre la libert\u00e9 de navigation, a pr\u00e9cis\u00e9 un porte-parole d&#8217;Africom. Ce dernier n&#8217;a pas mentionn\u00e9 les mesures que les forces am\u00e9ricaines pourraient prendre pour r\u00e9pondre \u00e0 ces pr\u00e9occupations.<\/p>\n<p textalign=\"left\" class=\"\">\u201cLes \u00c9tats-Unis prot\u00e9geront leurs int\u00e9r\u00eats en s\u00e9curisant les cha\u00eenes d&#8217;approvisionnement essentielles, les voies de communication maritimes, les infrastructures et les technologies, en collaboration avec leurs partenaires africains\u201d, a ajout\u00e9 Brennan.<\/p>\n<p textalign=\"left\" class=\"\">Les exercices navals de cette semaine sont les troisi\u00e8mes men\u00e9s conjointement par la Russie, la Chine et l&#8217;Afrique du Sud depuis 2019. En f\u00e9vrier 2023, les trois pays avaient \u00e9galement organis\u00e9 des exercices au large des c\u00f4tes est de l&#8217;Afrique du Sud.\u00a0<\/p>\n<p textalign=\"left\" class=\"\">L&#8217;ambassade des \u00c9tats-Unis en Afrique du Sud et des personnalit\u00e9s politiques de l&#8217;opposition avaient alors critiqu\u00e9 ces exercices, affirmant qu&#8217;ils permettaient \u00e0 la Russie de tester ses capacit\u00e9s militaires et de se montrer entour\u00e9e d&#8217;alli\u00e9s un an apr\u00e8s son invasion de l&#8217;Ukraine.<\/p>\n<p textalign=\"left\" class=\"\">Le groupe des BRICS, acronyme des initiales de ses premiers membres &#8211; Br\u00e9sil, Russie, Inde, Chine et Afrique du Sud &#8211; s\u2019est depuis \u00e9largi \u00e0 l\u2019Egypte, l\u2019Ethiopie, l\u2019Iran, l\u2019Arabie saoudite, les \u00c9mirats arabes unis et, plus r\u00e9cemment, \u00e0 l\u2019Indon\u00e9sie.<\/p>\n<p textalign=\"left\" class=\"\">Ils repr\u00e9sentent environ 42 % de la population mondiale et 30 % de son territoire, 27 % du PIB mondial et 20 % du commerce international. <\/p>\n<p textalign=\"left\" class=\"\">En juillet dernier, Trump a publi\u00e9 sur les r\u00e9seaux sociaux que les pays BRICS menaient des \u201cpolitiques anti-am\u00e9ricaines\u201c.<\/p>\n<p textalign=\"\" class=\"\">Lire aussi: <a target=\"_blank\" rel=\"noopener noreferrer nofollow\" class=\"link\" href=\"https:\/\/www.trtfrancais.com\/article\/35c06ba27fbb\">Les Brics \u00e0 Rio pour un front commun contre le protectionnisme de Trump<\/a><\/p>\n","protected":false},"excerpt":{"rendered":"Alors que les relations entre l\u2019Afrique du Sud et les \u00c9tats-Unis sont au plus bas, ces exercices risquent&hellip;\n","protected":false},"author":2,"featured_media":20700,"comment_status":"","ping_status":"","sticky":false,"template":"","format":"standard","meta":{"footnotes":""},"categories":[62],"tags":[64],"class_list":{"0":"post-20699","1":"post","2":"type-post","3":"status-publish","4":"format-standard","5":"has-post-thumbnail","7":"category-afrique","8":"tag-afrique"},"share_on_mastodon":{"url":"","error":""},"_links":{"self":[{"href":"https:\/\/www.europesays.com\/africa\/wp-json\/wp\/v2\/posts\/20699","targetHints":{"allow":["GET"]}}],"collection":[{"href":"https:\/\/www.europesays.com\/africa\/wp-json\/wp\/v2\/posts"}],"about":[{"href":"https:\/\/www.europesays.com\/africa\/wp-json\/wp\/v2\/types\/post"}],"author":[{"embeddable":true,"href":"https:\/\/www.europesays.com\/africa\/wp-json\/wp\/v2\/users\/2"}],"replies":[{"embeddable":true,"href":"https:\/\/www.europesays.com\/africa\/wp-json\/wp\/v2\/comments?post=20699"}],"version-history":[{"count":0,"href":"https:\/\/www.europesays.com\/africa\/wp-json\/wp\/v2\/posts\/20699\/revisions"}],"wp:featuredmedia":[{"embeddable":true,"href":"https:\/\/www.europesays.com\/africa\/wp-json\/wp\/v2\/media\/20700"}],"wp:attachment":[{"href":"https:\/\/www.europesays.com\/africa\/wp-json\/wp\/v2\/media?parent=20699"}],"wp:term":[{"taxonomy":"category","embeddable":true,"href":"https:\/\/www.europesays.com\/africa\/wp-json\/wp\/v2\/categories?post=20699"},{"taxonomy":"post_tag","embeddable":true,"href":"https:\/\/www.europesays.com\/africa\/wp-json\/wp\/v2\/tags?post=20699"}],"curies":[{"name":"wp","href":"https:\/\/api.w.org\/{rel}","templated":true}]}}