{"id":20705,"date":"2026-01-13T12:25:10","date_gmt":"2026-01-13T12:25:10","guid":{"rendered":"https:\/\/www.europesays.com\/africa\/20705\/"},"modified":"2026-01-13T12:25:10","modified_gmt":"2026-01-13T12:25:10","slug":"gracie-le-jour-de-lan-un-ex-detenu-poignarde-a-mort-douze-jours-apres-sa-liberation","status":"publish","type":"post","link":"https:\/\/www.europesays.com\/africa\/20705\/","title":{"rendered":"graci\u00e9 le jour de l\u2019An, un ex-d\u00e9tenu poignard\u00e9 \u00e0 mort douze jours apr\u00e8s sa lib\u00e9ration"},"content":{"rendered":"<p data-originalcomputedfontsize=\"16\" data-removefontsize=\"true\" style=\"font-size: 1rem; -webkit-text-size-adjust: auto; caret-color: rgb(212, 212, 213); font-family: -apple-system, sans-serif; word-spacing: 1px; -webkit-tap-highlight-color: rgba(255, 255, 255, 0.25); border-color: rgb(49, 49, 49); color: rgb(49, 49, 49);\">Le quartier de Guinaw-Rails a \u00e9t\u00e9 le th\u00e9\u00e2tre d\u2019un drame sanglant qui a co\u00fbt\u00e9 la vie \u00e0 un homme fra\u00eechement sorti de prison. Selon le quotidien L\u2019Observateur, Ousmane Diagne, repris de justice \u00e2g\u00e9 de 40 ans, b\u00e9n\u00e9ficiant d\u2019une gr\u00e2ce pr\u00e9sidentielle accord\u00e9e \u00e0 l\u2019occasion du Nouvel An, a \u00e9t\u00e9 mortellement poignard\u00e9 le lundi 12 janvier 2026, \u00e0 l\u2019issue d\u2019une violente altercation avec un menuisier du quartier. <\/p>\n<p style=\"-webkit-text-size-adjust: auto; caret-color: rgb(212, 212, 213); font-family: -apple-system, sans-serif; word-spacing: 1px; -webkit-tap-highlight-color: rgba(255, 255, 255, 0.25); border-color: rgb(49, 49, 49); color: rgb(49, 49, 49);\">\u00a0 <\/p>\n<p data-originalcomputedfontsize=\"16\" data-removefontsize=\"true\" style=\"font-size: 1rem; -webkit-text-size-adjust: auto; caret-color: rgb(212, 212, 213); font-family: -apple-system, sans-serif; word-spacing: 1px; -webkit-tap-highlight-color: rgba(255, 255, 255, 0.25); border-color: rgb(49, 49, 49); color: rgb(49, 49, 49);\">Les faits se sont d\u00e9roul\u00e9s en d\u00e9but de soir\u00e9e, apr\u00e8s la pri\u00e8re du cr\u00e9puscule. D\u2019apr\u00e8s L\u2019Observateur, Ousmane Diagne et M. Dasylva, \u00e9galement \u00e2g\u00e9 de 40 ans et menuisier de profession, entretenaient depuis longtemps des relations ex\u00e9crables. \u00c0 chacune de leurs rencontres dans la rue, les \u00e9changes d\u00e9g\u00e9n\u00e9raient en disputes, dont le mobile exact demeure, pour l\u2019heure, inconnu. <\/p>\n<p style=\"-webkit-text-size-adjust: auto; caret-color: rgb(212, 212, 213); font-family: -apple-system, sans-serif; word-spacing: 1px; -webkit-tap-highlight-color: rgba(255, 255, 255, 0.25); border-color: rgb(49, 49, 49); color: rgb(49, 49, 49);\">\u00a0 <\/p>\n<p data-originalcomputedfontsize=\"16\" data-removefontsize=\"true\" style=\"font-size: 1rem; -webkit-text-size-adjust: auto; caret-color: rgb(212, 212, 213); font-family: -apple-system, sans-serif; word-spacing: 1px; -webkit-tap-highlight-color: rgba(255, 255, 255, 0.25); border-color: rgb(49, 49, 49); color: rgb(49, 49, 49);\">Cette fois-ci aura \u00e9t\u00e9 la dispute de trop. Les deux hommes en viennent rapidement aux mains. Ousmane Diagne \u00e9tait arm\u00e9 d\u2019un tesson de bouteille, tandis que M. Dasylva d\u00e9tenait un couteau. Un face-\u00e0-face tendu qui a vir\u00e9 \u00e0 l\u2019issue fatale. <\/p>\n<p style=\"-webkit-text-size-adjust: auto; caret-color: rgb(212, 212, 213); font-family: -apple-system, sans-serif; word-spacing: 1px; -webkit-tap-highlight-color: rgba(255, 255, 255, 0.25); border-color: rgb(49, 49, 49); color: rgb(49, 49, 49);\">\u00a0 <\/p>\n<p data-originalcomputedfontsize=\"16\" data-removefontsize=\"true\" style=\"font-size: 1rem; -webkit-text-size-adjust: auto; caret-color: rgb(212, 212, 213); font-family: -apple-system, sans-serif; word-spacing: 1px; -webkit-tap-highlight-color: rgba(255, 255, 255, 0.25); border-color: rgb(49, 49, 49); color: rgb(49, 49, 49);\">Selon la version livr\u00e9e par le menuisier, rapport\u00e9e par L\u2019Observateur, l\u2019ex-d\u00e9tenu aurait tent\u00e9 de le poignarder avec le tesson de bouteille. C\u2019est au cours de cette attaque que M. Dasylva serait parvenu \u00e0 le d\u00e9sarmer, avant de lui ass\u00e9ner trois coups de couteau sur diff\u00e9rentes parties du corps. <\/p>\n<p style=\"-webkit-text-size-adjust: auto; caret-color: rgb(212, 212, 213); font-family: -apple-system, sans-serif; word-spacing: 1px; -webkit-tap-highlight-color: rgba(255, 255, 255, 0.25); border-color: rgb(49, 49, 49); color: rgb(49, 49, 49);\">\u00a0 <\/p>\n<p data-originalcomputedfontsize=\"16\" data-removefontsize=\"true\" style=\"font-size: 1rem; -webkit-text-size-adjust: auto; caret-color: rgb(212, 212, 213); font-family: -apple-system, sans-serif; word-spacing: 1px; -webkit-tap-highlight-color: rgba(255, 255, 255, 0.25); border-color: rgb(49, 49, 49); color: rgb(49, 49, 49);\">Gravement touch\u00e9, Ousmane Diagne s\u2019est affaiss\u00e9 au sol, se vidant de son sang sous les regards m\u00e9dus\u00e9s des passants. Il succombera \u00e0 ses blessures quelques instants plus tard, sans qu\u2019aucun secours ne puisse le sauver. <\/p>\n<p style=\"-webkit-text-size-adjust: auto; caret-color: rgb(212, 212, 213); font-family: -apple-system, sans-serif; word-spacing: 1px; -webkit-tap-highlight-color: rgba(255, 255, 255, 0.25); border-color: rgb(49, 49, 49); color: rgb(49, 49, 49);\">\u00a0 <\/p>\n<p data-originalcomputedfontsize=\"16\" data-removefontsize=\"true\" style=\"font-size: 1rem; -webkit-text-size-adjust: auto; caret-color: rgb(212, 212, 213); font-family: -apple-system, sans-serif; word-spacing: 1px; -webkit-tap-highlight-color: rgba(255, 255, 255, 0.25); border-color: rgb(49, 49, 49); color: rgb(49, 49, 49);\">Craignant des repr\u00e9sailles ou un lynchage, M. Dasylva a choisi de se rendre volontairement aux enqu\u00eateurs. Alert\u00e9, le commissaire Path\u00e9 Gaye, accompagn\u00e9 de ses \u00e9l\u00e9ments, s\u2019est imm\u00e9diatement transport\u00e9 sur les lieux du drame. Sur place, les policiers ont d\u00e9couvert le corps sans vie de la victime, pr\u00e9sentant de larges blessures au front, au cou et sous l\u2019abdomen, pr\u00e9cise L\u2019Observateur. <\/p>\n<p style=\"-webkit-text-size-adjust: auto; caret-color: rgb(212, 212, 213); font-family: -apple-system, sans-serif; word-spacing: 1px; -webkit-tap-highlight-color: rgba(255, 255, 255, 0.25); border-color: rgb(49, 49, 49); color: rgb(49, 49, 49);\">\u00a0 <\/p>\n<p data-originalcomputedfontsize=\"16\" data-removefontsize=\"true\" dir=\"auto\" style=\"font-size: 1rem; -webkit-text-size-adjust: auto; caret-color: rgb(212, 212, 213); font-family: -apple-system, sans-serif; word-spacing: 1px; -webkit-tap-highlight-color: rgba(255, 255, 255, 0.25); border-color: rgb(49, 49, 49); color: rgb(49, 49, 49);\">La fouille minutieuse de la sc\u00e8ne du crime a permis de retrouver l\u2019arme du crime, un couteau, abandonn\u00e9 sur les lieux. Apr\u00e8s les constats d\u2019usage, le corps d\u2019Ousmane Diagne a \u00e9t\u00e9 achemin\u00e9 \u00e0 la morgue d\u2019une structure hospitali\u00e8re de la place, en attendant les suites judiciaires <\/p>\n","protected":false},"excerpt":{"rendered":"Le quartier de Guinaw-Rails a \u00e9t\u00e9 le th\u00e9\u00e2tre d\u2019un drame sanglant qui a co\u00fbt\u00e9 la vie \u00e0 un&hellip;\n","protected":false},"author":2,"featured_media":20706,"comment_status":"","ping_status":"","sticky":false,"template":"","format":"standard","meta":{"footnotes":""},"categories":[48],"tags":[64,274,279,273,277,278,271,281,283,272,280,276,275,159,282],"class_list":{"0":"post-20705","1":"post","2":"type-post","3":"status-publish","4":"format-standard","5":"has-post-thumbnail","7":"category-senegal","8":"tag-afrique","9":"tag-aliou-cisse","10":"tag-amadou-ba","11":"tag-apr","12":"tag-bassirou-diomaye-faye","13":"tag-bathelemy-dias","14":"tag-dakar","15":"tag-el-malick-ndiaye","16":"tag-guy-marius-sagna","17":"tag-macky-sall","18":"tag-madiambal-diagne","19":"tag-ousmane-sonko","20":"tag-pastef","21":"tag-senegal","22":"tag-ziguinchor"},"share_on_mastodon":{"url":"","error":""},"_links":{"self":[{"href":"https:\/\/www.europesays.com\/africa\/wp-json\/wp\/v2\/posts\/20705","targetHints":{"allow":["GET"]}}],"collection":[{"href":"https:\/\/www.europesays.com\/africa\/wp-json\/wp\/v2\/posts"}],"about":[{"href":"https:\/\/www.europesays.com\/africa\/wp-json\/wp\/v2\/types\/post"}],"author":[{"embeddable":true,"href":"https:\/\/www.europesays.com\/africa\/wp-json\/wp\/v2\/users\/2"}],"replies":[{"embeddable":true,"href":"https:\/\/www.europesays.com\/africa\/wp-json\/wp\/v2\/comments?post=20705"}],"version-history":[{"count":0,"href":"https:\/\/www.europesays.com\/africa\/wp-json\/wp\/v2\/posts\/20705\/revisions"}],"wp:featuredmedia":[{"embeddable":true,"href":"https:\/\/www.europesays.com\/africa\/wp-json\/wp\/v2\/media\/20706"}],"wp:attachment":[{"href":"https:\/\/www.europesays.com\/africa\/wp-json\/wp\/v2\/media?parent=20705"}],"wp:term":[{"taxonomy":"category","embeddable":true,"href":"https:\/\/www.europesays.com\/africa\/wp-json\/wp\/v2\/categories?post=20705"},{"taxonomy":"post_tag","embeddable":true,"href":"https:\/\/www.europesays.com\/africa\/wp-json\/wp\/v2\/tags?post=20705"}],"curies":[{"name":"wp","href":"https:\/\/api.w.org\/{rel}","templated":true}]}}