{"id":20779,"date":"2026-01-13T13:08:08","date_gmt":"2026-01-13T13:08:08","guid":{"rendered":"https:\/\/www.europesays.com\/africa\/20779\/"},"modified":"2026-01-13T13:08:08","modified_gmt":"2026-01-13T13:08:08","slug":"maroc-lhommage-de-regragui-a-courbis-sports","status":"publish","type":"post","link":"https:\/\/www.europesays.com\/africa\/20779\/","title":{"rendered":"Maroc : L&#8217;hommage de Regragui \u00e0 Courbis : Sports"},"content":{"rendered":"<p class=\"date\">\n                                                            Patrick Juillard, Media365, publi\u00e9 le mardi 13 janvier 2026 \u00e0 13h15\n                                                    <\/p>\n<p>Pass\u00e9 par l&#8217;AC Ajaccio sous les ordres de Rolland Courbis, le s\u00e9lectionneur du Maroc, Walid Regragui, a rendu hommage au technicien fran\u00e7ais, d\u00e9c\u00e9d\u00e9 lundi.<\/p>\n<p>En fin de conf\u00e9rence de presse, \u00e0 J-1 de la demi-finale de la CAN 2025 entre le Nigeria et le Maroc, le s\u00e9lectionneur des Lions de l&#8217;Atlas, Walid Regragui, a repris bri\u00e8vement le micro pour rendre hommage \u00e0 Rolland Courbis. D\u00e9c\u00e9d\u00e9 lundi, le coach avait eu celui qui faisait alors carri\u00e8re en tant que lat\u00e9ral droit sous ses ordres \u00e0 l&#8217;AC Ajaccio, dans les ann\u00e9es 2001-2003.<\/p>\n<p>\u00ab Je souhaite mes condol\u00e9ances \u00e0 la famille de Rolland Courbis, qui a \u00e9t\u00e9 mon entra\u00eeneur \u00e0 Ajaccio, a d\u00e9clar\u00e9 Walid Regragui. J&#8217;y ai pass\u00e9 de grands moments. Il a relanc\u00e9 ma carri\u00e8re. J&#8217;adresse mes condol\u00e9ances \u00e0 Clara, \u00e0 Olivia et \u00e0 St\u00e9phane, sa famille. C&#8217;est quelqu&#8217;un qui m&#8217;a beaucoup aid\u00e9, qui m&#8217;a conseill\u00e9 en dehors (du club) quand j&#8217;ai commenc\u00e9 \u00e0 passer mes dipl\u00f4mes. Pour moi, il restera un des meilleurs entra\u00eeneurs qui sont pass\u00e9s, et je voulais avoir une pens\u00e9e pour lui et pour sa famille. \u00bb<\/p>\n<p>(De notre envoy\u00e9 sp\u00e9cial \u00e0 Rabat)<\/p>\n","protected":false},"excerpt":{"rendered":"Patrick Juillard, Media365, publi\u00e9 le mardi 13 janvier 2026 \u00e0 13h15 Pass\u00e9 par l&#8217;AC Ajaccio sous les ordres&hellip;\n","protected":false},"author":2,"featured_media":20780,"comment_status":"","ping_status":"","sticky":false,"template":"","format":"standard","meta":{"footnotes":""},"categories":[41],"tags":[158],"class_list":{"0":"post-20779","1":"post","2":"type-post","3":"status-publish","4":"format-standard","5":"has-post-thumbnail","7":"category-maroc","8":"tag-maroc"},"share_on_mastodon":{"url":"","error":""},"_links":{"self":[{"href":"https:\/\/www.europesays.com\/africa\/wp-json\/wp\/v2\/posts\/20779","targetHints":{"allow":["GET"]}}],"collection":[{"href":"https:\/\/www.europesays.com\/africa\/wp-json\/wp\/v2\/posts"}],"about":[{"href":"https:\/\/www.europesays.com\/africa\/wp-json\/wp\/v2\/types\/post"}],"author":[{"embeddable":true,"href":"https:\/\/www.europesays.com\/africa\/wp-json\/wp\/v2\/users\/2"}],"replies":[{"embeddable":true,"href":"https:\/\/www.europesays.com\/africa\/wp-json\/wp\/v2\/comments?post=20779"}],"version-history":[{"count":0,"href":"https:\/\/www.europesays.com\/africa\/wp-json\/wp\/v2\/posts\/20779\/revisions"}],"wp:featuredmedia":[{"embeddable":true,"href":"https:\/\/www.europesays.com\/africa\/wp-json\/wp\/v2\/media\/20780"}],"wp:attachment":[{"href":"https:\/\/www.europesays.com\/africa\/wp-json\/wp\/v2\/media?parent=20779"}],"wp:term":[{"taxonomy":"category","embeddable":true,"href":"https:\/\/www.europesays.com\/africa\/wp-json\/wp\/v2\/categories?post=20779"},{"taxonomy":"post_tag","embeddable":true,"href":"https:\/\/www.europesays.com\/africa\/wp-json\/wp\/v2\/tags?post=20779"}],"curies":[{"name":"wp","href":"https:\/\/api.w.org\/{rel}","templated":true}]}}