{"id":2078,"date":"2026-01-04T05:55:42","date_gmt":"2026-01-04T05:55:42","guid":{"rendered":"https:\/\/www.europesays.com\/africa\/2078\/"},"modified":"2026-01-04T05:55:42","modified_gmt":"2026-01-04T05:55:42","slug":"can-2025-lalgerie-triomphe-du-burkina-faso-et-sassure-de-la-tete-du-groupe-e","status":"publish","type":"post","link":"https:\/\/www.europesays.com\/africa\/2078\/","title":{"rendered":"CAN 2025 : l&#8217;Alg\u00e9rie triomphe du Burkina Faso et s&#8217;assure de la t\u00eate du groupe E"},"content":{"rendered":"<p>C&#8217;\u00e9tait le choc du groupe E de <a href=\"https:\/\/www.france24.com\/fr\/dossier\/can\/\" target=\"_self\" rel=\"nofollow noopener\">cette CAN 2025<\/a>. L&#8217;<a href=\"https:\/\/www.france24.com\/fr\/tag\/alg\u00e9rie\/\" target=\"_self\" class=\"gtm-add-suggested-tag\" rel=\"nofollow noopener\">Alg\u00e9rie<\/a>\u00a0s&#8217;est d\u00e9faite du\u00a0<a href=\"https:\/\/www.france24.com\/fr\/tag\/burkina-faso\/\" target=\"_self\" class=\"gtm-add-suggested-tag\" rel=\"nofollow noopener\">Burkina Faso<\/a>\u00a0dimanche 28 d\u00e9cembre au Stade Prince Moulay Hassan de <a href=\"https:\/\/www.france24.com\/fr\/tag\/rabat\/\" target=\"_self\" class=\"gtm-add-suggested-tag\" rel=\"nofollow noopener\">Rabat<\/a>. Les Fennecs sont donc d\u00e9j\u00e0 assur\u00e9s d&#8217;\u00eatre en huiti\u00e8mes et de terminer premiers de leur groupe. Un r\u00e9sultat qui \u00e9tait loin d&#8217;\u00eatre \u00e9vident car les Alg\u00e9riens n&#8217;avaient plus ralli\u00e9 ce stade depuis leur sacre en 2019.<\/p>\n<p>Vu l&#8217;enjeu de la rencontre, le match s&#8217;est lanc\u00e9 imm\u00e9diatement. Sur une perte de balle \u00e0 l&#8217;entr\u00e9e de la surface, le Burkina r\u00e9cup\u00e8re. Bertrand Traor\u00e9 est touch\u00e9 dans la surface, mais pas de penalty, confirme la VAR (3e).<\/p>\n<p>Apr\u00e8s cette premi\u00e8re action, place au round d&#8217;observation traditionnel : les Fennecs font tourner le ballon pour jauger leurs adversaires, qui ont d\u00e9cid\u00e9 d&#8217;aller au contact sur tous les ballons. Hadjam est victime d&#8217;une vilaine semelle, involontaire, et la VAR confirme le carton jaune pour Sangar\u00e9 (10e). Le burkinab\u00e8 reste donc sur le terrain, mais pas l&#8217;Alg\u00e9rien, dont la cheville a tourn\u00e9 sur le contact et qui doit laisser sa place (19e). Bounedjah le remplace et les Fennecs repassent dans un 4-4-2 plus classique qui semble mieux leur convenir.<\/p>\n<p> Mahrez, \u00e9videmment <\/p>\n<p>Mais cela reste compliqu\u00e9 de d\u00e9velopper du jeu, face \u00e0 des \u00c9talons qui multiplient les fautes de plus en plus limites. Kabor\u00e9 \u00e9cope d&#8217;un jaune lui aussi (19e), et ce qui devait arriver arriva : Dayo stoppe A\u00eft-Nouri dans la surface et le d\u00e9s\u00e9quilibre. Mahrez se charge du penalty et prend parfaitement Koffi \u00e0 contre-pied (1-0, 23e). L&#8217;Alg\u00e9rien devient au passage <a href=\"https:\/\/www.france24.com\/fr\/dossier\/can\/statistiques\/\" target=\"_self\" rel=\"nofollow noopener\">le meilleur buteur de cette CAN jusque-l\u00e0.\u00a0<\/a><\/p>\n<p>Le Burkina Faso tente de r\u00e9agir, par Traor\u00e9 et Tapsoba (29e), et aurait m\u00eame pu profiter d&#8217;une boulette du gardien alg\u00e9rien. Luca Zidane, sous les yeux de son p\u00e8re pr\u00e9sent encore une fois en tribunes, fait une mauvaise relance directement sur Sangar\u00e9, qui n&#8217;en profite pas (29e).<\/p>\n<p>Le match reste plaisant, mais les occasions se font rares en fin de premi\u00e8re p\u00e9riode. La d\u00e9fense des Fennecs r\u00e9ussit \u00e0 boucher les trous, et les \u00c9talons sont toujours aussi physiques au marquage. Juste avant la pause, les Alg\u00e9riens sont pass\u00e9s tout pr\u00e8s de la correctionnelle quand la t\u00eate de Kabor\u00e9 rebondit sur le montant gauche de Zidane (45e), apr\u00e8s un corner accord\u00e9 aux Burkinab\u00e8 apr\u00e8s que Zidane a pris trop de temps pour d\u00e9gager. Une r\u00e8gle que la Fifa a mise en place depuis l&#8217;\u00e9t\u00e9 dernier.<\/p>\n<p>Puis c&#8217;est Bensebaini qui vient sauver son \u00e9quipe du bout du pied apr\u00e8s une bonne remise de Kabore dans la surface. Sur le contre \u00e9clair qui suit, \u00e0 quatre contre trois, les Fennecs ne sont pas loin de faire le break : Mahrez d\u00e9cale Amoura, qui place une lourde frappe, stopp\u00e9e par Koffi\u00a0 (45e+5) .<\/p>\n<p> Les d\u00e9fenses \u00e0 contribution <\/p>\n<p>Le s\u00e9lectionneur burkinab\u00e8 Brama Traor\u00e9 avait pr\u00e9venu avant le match : &#8220;Chaque joueur se sentira concern\u00e9 sur chaque centim\u00e8tre carr\u00e9 du terrain&#8221;. Et c&#8217;est exactement avec cet \u00e9tat d&#8217;esprit que les \u00c9talons reviennent sur le terrain, ne l\u00e2chant rien face \u00e0 des Fennecs qui commencent \u00e0 fatiguer. Chergui, victime d&#8217;un claquage, et Mahrez sont remplac\u00e9s \u00e0 l&#8217;heure de jeu.<\/p>\n<p>Alors que le rythme commen\u00e7ait \u00e0 retomber, Maza a r\u00e9veill\u00e9 le stade\u00a0Moulay Hassan sur un d\u00e9bordement c\u00f4t\u00e9 gauche, conclu par une frappe&#8230; en tribune (67e). Le jeune joueur du Bayer Leverkusen r\u00e9cidive apr\u00e8s un une-deux avec\u00a0Bounedjah, mais Koffi sort une nouvelle parade d\u00e9cisive (69e). Le portier burkinab\u00e8 sauve encore les siens sur une frappe d&#8217;A\u00eft-Nouri, servi en profondeur (77e).<\/p>\n<p>Les Fennecs cherchent le break et lancent toutes leurs forces dans la bataille dans cette fin de match. Les \u00c9talons, moins tranchants, tiennent bon et misent sur les contres&#8230; et la vigilance de leur gardien.\u00a0<\/p>\n<p>Dans les ultimes minutes, le Burkina jette ses derni\u00e8res forces dans la bataille, mais la frappe de Tapsoda passe \u00e0 c\u00f4t\u00e9 (90e+1), et Zidane bloque la t\u00eate d&#8217;Irie (90e+3).<\/p>\n<p class=\"a-read-more\">\u00c0 lire aussi<a href=\"https:\/\/www.france24.com\/fr\/sports\/20251024-calendrier-horaires-affiches-programme-can-2025-maroc\" target=\"_self\" class=\"a-read-more__link\" rel=\"nofollow noopener\">Calendrier, horaires, affiches et r\u00e9sultats : tout savoir sur la CAN 2025 au Maroc<\/a><\/p>\n<p>Ce succ\u00e8s, m\u00e9rit\u00e9 permet \u00e0 l&#8217;Alg\u00e9rie de prendre assur\u00e9ment la t\u00eate du groupe E avant son dernier match contre la Guin\u00e9e \u00e9quatoriale. Mais les Fennecs n&#8217;auront pas pour autant un huiti\u00e8me de finale facile, puisqu&#8217;ils risquent de tomber sur le S\u00e9n\u00e9gal ou la RD Congo. Quant au Burkina Faso, son jeu physique a pos\u00e9 des difficult\u00e9s \u00e0 l&#8217;Alg\u00e9rie, et il faudra r\u00e9cidiver face au surprenant Soudan pour s&#8217;assurer d&#8217;un huiti\u00e8me m\u00e9rit\u00e9.<\/p>\n<p class=\"a-em-title\">Classement du groupe E<\/p>\n<p class=\"o-em-consent__content__text\">Pour afficher ce contenu Enetpulse, il est n\u00e9cessaire d&#8217;autoriser les cookies de mesure d&#8217;audience et de publicit\u00e9.<\/p>\n<p>        Accepter<br \/>\n        G\u00e9rer mes choix<\/p>\n<p>     \u00a0<\/p>\n","protected":false},"excerpt":{"rendered":"C&#8217;\u00e9tait le choc du groupe E de cette CAN 2025. L&#8217;Alg\u00e9rie\u00a0s&#8217;est d\u00e9faite du\u00a0Burkina Faso\u00a0dimanche 28 d\u00e9cembre au Stade&hellip;\n","protected":false},"author":2,"featured_media":2079,"comment_status":"","ping_status":"","sticky":false,"template":"","format":"standard","meta":{"footnotes":""},"categories":[254],"tags":[255,1153,179,1726,264],"class_list":{"0":"post-2078","1":"post","2":"type-post","3":"status-publish","4":"format-standard","5":"has-post-thumbnail","7":"category-algerie","8":"tag-algerie","9":"tag-burkina-faso","10":"tag-can-2025","11":"tag-resumes-can-2025","12":"tag-sports"},"share_on_mastodon":{"url":"","error":""},"_links":{"self":[{"href":"https:\/\/www.europesays.com\/africa\/wp-json\/wp\/v2\/posts\/2078","targetHints":{"allow":["GET"]}}],"collection":[{"href":"https:\/\/www.europesays.com\/africa\/wp-json\/wp\/v2\/posts"}],"about":[{"href":"https:\/\/www.europesays.com\/africa\/wp-json\/wp\/v2\/types\/post"}],"author":[{"embeddable":true,"href":"https:\/\/www.europesays.com\/africa\/wp-json\/wp\/v2\/users\/2"}],"replies":[{"embeddable":true,"href":"https:\/\/www.europesays.com\/africa\/wp-json\/wp\/v2\/comments?post=2078"}],"version-history":[{"count":0,"href":"https:\/\/www.europesays.com\/africa\/wp-json\/wp\/v2\/posts\/2078\/revisions"}],"wp:featuredmedia":[{"embeddable":true,"href":"https:\/\/www.europesays.com\/africa\/wp-json\/wp\/v2\/media\/2079"}],"wp:attachment":[{"href":"https:\/\/www.europesays.com\/africa\/wp-json\/wp\/v2\/media?parent=2078"}],"wp:term":[{"taxonomy":"category","embeddable":true,"href":"https:\/\/www.europesays.com\/africa\/wp-json\/wp\/v2\/categories?post=2078"},{"taxonomy":"post_tag","embeddable":true,"href":"https:\/\/www.europesays.com\/africa\/wp-json\/wp\/v2\/tags?post=2078"}],"curies":[{"name":"wp","href":"https:\/\/api.w.org\/{rel}","templated":true}]}}