{"id":2080,"date":"2026-01-04T05:56:19","date_gmt":"2026-01-04T05:56:19","guid":{"rendered":"https:\/\/www.europesays.com\/africa\/2080\/"},"modified":"2026-01-04T05:56:19","modified_gmt":"2026-01-04T05:56:19","slug":"quelle-est-cette-loi-preparee-sur-mesure-pour-ousmane-sonko","status":"publish","type":"post","link":"https:\/\/www.europesays.com\/africa\/2080\/","title":{"rendered":"Quelle est cette loi \u00ab pr\u00e9par\u00e9e sur mesure pour Ousmane Sonko \u00bb ?"},"content":{"rendered":"<p>Dans son message \u00e0 la Nation du 31 d\u00e9cembre 2025, le pr\u00e9sident Bassirou Diomaye Faye a annonc\u00e9 que des r\u00e9formes majeures de la Constitution et du Code \u00e9lectoral seront engag\u00e9es d\u00e8s le premier trimestre 2026. Cette annonce, qui touche aux r\u00e8gles fondamentales encadrant les scrutins pr\u00e9sidentiels, suscite d\u00e9j\u00e0 de vives r\u00e9actions au sein de la classe politique s\u00e9n\u00e9galaise.            <\/p>\n<p class=\"pread\" style=\"background: #fff6d3;font-size:17px !important;padding:0px 0 16px 0;border:none;font-family:'source-sans-pro' !important;color:#444 !important;\">\n<p>La suite est r\u00e9serv\u00e9e \u00e0 nos abonn\u00e9s.<br \/>D\u00e9j\u00e0 abonn\u00e9 ? <a href=\"https:\/\/www.senenews.com\/login?redirect_to=https:\/\/www.senenews.com\/premium\/reformes-electorales-quelle-est-cette-loi-preparee-sur-mesure-pour-ousmane-sonko_571406.html\" style=\"text-decoration: underline !important;font-weight: bold;\" rel=\"nofollow noopener\" target=\"_blank\">Se connecter<\/a><\/p>\n<p>Profitez de 3 mois offerts<br \/>et acc\u00e9dez \u00e0 tous nos contenus<br \/>sans aucune publicit\u00e9<\/p>\n<p style=\"text-align:center;font-size:14px;font-family:'source-sans-pro'\">\n<a href=\"https:\/\/www.senenews.com\/rejoignez-senenews-premium-pour-soutenir-une-redaction-libre-et-independante\" style=\"text-decoration:none!important;border-bottom:1px solid\" rel=\"nofollow noopener\" target=\"_blank\">Pourquoi vous devez soutenir l\u2019initiative Senenews Premium?<\/a><\/p>\n","protected":false},"excerpt":{"rendered":"Dans son message \u00e0 la Nation du 31 d\u00e9cembre 2025, le pr\u00e9sident Bassirou Diomaye Faye a annonc\u00e9 que&hellip;\n","protected":false},"author":2,"featured_media":2081,"comment_status":"","ping_status":"","sticky":false,"template":"","format":"standard","meta":{"footnotes":""},"categories":[48],"tags":[2100,161,248,2099,159,163],"class_list":{"0":"post-2080","1":"post","2":"type-post","3":"status-publish","4":"format-standard","5":"has-post-thumbnail","7":"category-senegal","8":"tag-a-la-une-notification","9":"tag-articles-premium","10":"tag-politique","11":"tag-reformes-electorales","12":"tag-senegal","13":"tag-senegal-actualites"},"share_on_mastodon":{"url":"","error":""},"_links":{"self":[{"href":"https:\/\/www.europesays.com\/africa\/wp-json\/wp\/v2\/posts\/2080","targetHints":{"allow":["GET"]}}],"collection":[{"href":"https:\/\/www.europesays.com\/africa\/wp-json\/wp\/v2\/posts"}],"about":[{"href":"https:\/\/www.europesays.com\/africa\/wp-json\/wp\/v2\/types\/post"}],"author":[{"embeddable":true,"href":"https:\/\/www.europesays.com\/africa\/wp-json\/wp\/v2\/users\/2"}],"replies":[{"embeddable":true,"href":"https:\/\/www.europesays.com\/africa\/wp-json\/wp\/v2\/comments?post=2080"}],"version-history":[{"count":0,"href":"https:\/\/www.europesays.com\/africa\/wp-json\/wp\/v2\/posts\/2080\/revisions"}],"wp:featuredmedia":[{"embeddable":true,"href":"https:\/\/www.europesays.com\/africa\/wp-json\/wp\/v2\/media\/2081"}],"wp:attachment":[{"href":"https:\/\/www.europesays.com\/africa\/wp-json\/wp\/v2\/media?parent=2080"}],"wp:term":[{"taxonomy":"category","embeddable":true,"href":"https:\/\/www.europesays.com\/africa\/wp-json\/wp\/v2\/categories?post=2080"},{"taxonomy":"post_tag","embeddable":true,"href":"https:\/\/www.europesays.com\/africa\/wp-json\/wp\/v2\/tags?post=2080"}],"curies":[{"name":"wp","href":"https:\/\/api.w.org\/{rel}","templated":true}]}}