{"id":2082,"date":"2026-01-04T05:57:14","date_gmt":"2026-01-04T05:57:14","guid":{"rendered":"https:\/\/www.europesays.com\/africa\/2082\/"},"modified":"2026-01-04T05:57:14","modified_gmt":"2026-01-04T05:57:14","slug":"le-maroc-instaure-une-prime-a-limportation-du-ble-tendre","status":"publish","type":"post","link":"https:\/\/www.europesays.com\/africa\/2082\/","title":{"rendered":"\u200bLe Maroc instaure une prime \u00e0 l\u2019importation du bl\u00e9 tendre"},"content":{"rendered":"<p>\t\t\t\t\t La prime forfaitaire concerne exclusivement les quantit\u00e9s de bl\u00e9 tendre meunier import\u00e9es par les organismes stockeurs (commer\u00e7ants en c\u00e9r\u00e9ales, coop\u00e9ratives agricoles marocaines et leur union) ainsi que par les minoteries industrielles, conform\u00e9ment \u00e0 la l\u00e9gislation en vigueur r\u00e9gissant l\u2019Office National Interprofessionnel des C\u00e9r\u00e9ales et des L\u00e9gumineuses (ONICL)\u00a0 . <\/p>\n<p>Selon une circulaire diffus\u00e9e par l\u2019ONICL, le 31 d\u00e9cembre 2025, les importations \u00e9ligibles doivent \u00eatre charg\u00e9es entre le 1er janvier et le 30 avril 2026, date faisant foi selon les connaissements maritimes. En cas de force majeure entra\u00eenant un chargement post\u00e9rieur \u00e0 cette p\u00e9riode, la situation est examin\u00e9e par un comit\u00e9 de suivi interinstitutionnel regroupant les minist\u00e8res concern\u00e9s et l\u2019ONICL. <br \/>\u00a0<\/p>\n<p>Un calcul mensuel fond\u00e9 sur les prix internationaux<\/p>\n<p>  Le montant de la prime forfaitaire est calcul\u00e9 chaque mois \u00e0 partir des cours internationaux du bl\u00e9 tendre (France, Allemagne, \u00c9tats-Unis et Argentine), des co\u00fbts de fret maritime, du taux de change dollar\/dirham et de frais fixes d\u2019approche et de marge importateur, arr\u00eat\u00e9s \u00e0 22,5 dirhams par quintal\u00a0 . <\/p>\n<p>Le principe retenu repose sur la comparaison entre le prix de revient moyen du bl\u00e9 import\u00e9 sortie port et un prix de r\u00e9f\u00e9rence fix\u00e9 \u00e0 270 dirhams par quintal. La prime correspond \u00e0 l\u2019\u00e9cart entre ces deux valeurs lorsque le prix de revient d\u00e9passe ce seuil. Le calcul est valid\u00e9 par une commission interminist\u00e9rielle, qui se r\u00e9unit au d\u00e9but de chaque mois pour d\u00e9terminer la prime applicable au mois suivant. <br \/>\u00a0<\/p>\n<p>Modalit\u00e9s de paiement et pi\u00e8ces requises<\/p>\n<p>  Le versement de la prime s\u2019effectue en une seule tranche, sur la base des quantit\u00e9s effectivement import\u00e9es. Les op\u00e9rateurs doivent d\u00e9poser un dossier complet au plus tard le 31 d\u00e9cembre 2026, comprenant notamment les connaissements, factures commerciales, attestations portuaires, attestations d\u2019importation et de poids, ainsi que le r\u00e9c\u00e9piss\u00e9 d\u2019importation valid\u00e9 par l\u2019ONICL\u00a0 . <\/p>\n<p>Pass\u00e9 ce d\u00e9lai, les demandes sont consid\u00e9r\u00e9es comme irrecevables, sauf en cas de force majeure d\u00fbment justifi\u00e9e et valid\u00e9e par le comit\u00e9 de suivi. <br \/>\u00a0<\/p>\n<p>Obligation de livraison aux minoteries industrielles<\/p>\n<p>  Les importateurs b\u00e9n\u00e9ficiant de la prime sont tenus de livrer la totalit\u00e9 du bl\u00e9 tendre import\u00e9 exclusivement aux minoteries industrielles, soit directement depuis les ports, soit \u00e0 partir de leurs d\u00e9p\u00f4ts. Ils doivent \u00e9galement transmettre \u00e0 l\u2019ONICL des \u00e9tats r\u00e9capitulatifs d\u00e9taill\u00e9s des livraisons, par r\u00e9c\u00e9piss\u00e9 et par moulin, au plus tard le 30 juin 2027\u00a0 . <\/p>\n<p>Toute quantit\u00e9 non livr\u00e9e conform\u00e9ment \u00e0 ces obligations entra\u00eene la restitution de la prime correspondante. Cette exigence s\u2019applique \u00e9galement lorsque la prime calcul\u00e9e est nulle, afin de garantir la tra\u00e7abilit\u00e9 des flux et le respect des objectifs de r\u00e9gulation du march\u00e9. <\/p>\n<p>Les op\u00e9rations r\u00e9alis\u00e9es dans le cadre de ce syst\u00e8me restent soumises \u00e0 l\u2019ensemble des dispositions de la loi n\u00b012-94 relative \u00e0 l\u2019ONICL, telle que modifi\u00e9e, ainsi qu\u2019aux textes r\u00e9gissant la caution de bonne ex\u00e9cution des op\u00e9rations d\u2019importation des c\u00e9r\u00e9ales et l\u00e9gumineuses\u00a0 .<\/p>\n","protected":false},"excerpt":{"rendered":"La prime forfaitaire concerne exclusivement les quantit\u00e9s de bl\u00e9 tendre meunier import\u00e9es par les organismes stockeurs (commer\u00e7ants en&hellip;\n","protected":false},"author":2,"featured_media":2083,"comment_status":"","ping_status":"","sticky":false,"template":"","format":"standard","meta":{"footnotes":""},"categories":[41],"tags":[554,553,555,556,563,565,560,567,561,557,162,566,564,558,559,158,562,248,239,310,568],"class_list":{"0":"post-2082","1":"post","2":"type-post","3":"status-publish","4":"format-standard","5":"has-post-thumbnail","7":"category-maroc","8":"tag-actualites","9":"tag-actualites-et-infos-au-maroc","10":"tag-actualites-et-infos-mondiale","11":"tag-actualites-marocaines-du-jour","12":"tag-alimentation","13":"tag-analyses","14":"tag-art-de-vivre","15":"tag-chronique","16":"tag-consommation-et-bien-etre","17":"tag-culture","18":"tag-economie","19":"tag-edito","20":"tag-etudes","21":"tag-insolite","22":"tag-loisirs","23":"tag-maroc","24":"tag-mode","25":"tag-politique","26":"tag-societe","27":"tag-sport","28":"tag-tribune"},"share_on_mastodon":{"url":"","error":""},"_links":{"self":[{"href":"https:\/\/www.europesays.com\/africa\/wp-json\/wp\/v2\/posts\/2082","targetHints":{"allow":["GET"]}}],"collection":[{"href":"https:\/\/www.europesays.com\/africa\/wp-json\/wp\/v2\/posts"}],"about":[{"href":"https:\/\/www.europesays.com\/africa\/wp-json\/wp\/v2\/types\/post"}],"author":[{"embeddable":true,"href":"https:\/\/www.europesays.com\/africa\/wp-json\/wp\/v2\/users\/2"}],"replies":[{"embeddable":true,"href":"https:\/\/www.europesays.com\/africa\/wp-json\/wp\/v2\/comments?post=2082"}],"version-history":[{"count":0,"href":"https:\/\/www.europesays.com\/africa\/wp-json\/wp\/v2\/posts\/2082\/revisions"}],"wp:featuredmedia":[{"embeddable":true,"href":"https:\/\/www.europesays.com\/africa\/wp-json\/wp\/v2\/media\/2083"}],"wp:attachment":[{"href":"https:\/\/www.europesays.com\/africa\/wp-json\/wp\/v2\/media?parent=2082"}],"wp:term":[{"taxonomy":"category","embeddable":true,"href":"https:\/\/www.europesays.com\/africa\/wp-json\/wp\/v2\/categories?post=2082"},{"taxonomy":"post_tag","embeddable":true,"href":"https:\/\/www.europesays.com\/africa\/wp-json\/wp\/v2\/tags?post=2082"}],"curies":[{"name":"wp","href":"https:\/\/api.w.org\/{rel}","templated":true}]}}