{"id":20824,"date":"2026-01-13T13:37:06","date_gmt":"2026-01-13T13:37:06","guid":{"rendered":"https:\/\/www.europesays.com\/africa\/20824\/"},"modified":"2026-01-13T13:37:06","modified_gmt":"2026-01-13T13:37:06","slug":"nigeria-maroc-jespere-gagner-la-can-la-plus-relevee-de-lhistoire-lance-walid-regragui","status":"publish","type":"post","link":"https:\/\/www.europesays.com\/africa\/20824\/","title":{"rendered":"Nigeria &#8211; Maroc\u00a0: \u00ab\u00a0J\u2019esp\u00e8re gagner la CAN la plus relev\u00e9e de l\u2019histoire\u00a0\u00bb, lance Walid Regragui"},"content":{"rendered":"<p class=\"paragraph text_align_left lp-f-body-02\">Le coach des Lions de l\u2019Atlas a boucl\u00e9 le petit exercice des prises de parole ce mardi. Dans la foul\u00e9e de son homologue \u00c9ric Chelle, Walid Regragui a, devant une audience de plus en plus nombreuse, redit son ambition d\u2019\u00eatre pr\u00e9sent dimanche en finale de la CAN aux d\u00e9pens d\u2019<a href=\"https:\/\/www.leparisien.fr\/sports\/football\/coupe-d-afrique-des-nations\/algerie-nigeria-0-2-febrilite-buts-encaisses-et-embrouille-en-fin-de-match-la-soiree-difficile-de-luca-zidane-en-quarts-de-la-can-10-01-2026-CFHVLFVNURFRTGVJC3O4B5BC44.php\" target=\"_self\" rel=\"nofollow noopener\">une \u00e9quipe du Nigeria qu\u2019il sait pourtant redoutable<\/a> et impressionnante. \u00ab C\u2019est notre match, mais c\u2019est aussi le v\u00f4tre, a-t-il d\u00e9clar\u00e9 \u00e0 l\u2019endroit du public marocain. Vous \u00eates notre douzi\u00e8me homme, mercredi soir, vous ne devrez plus avoir de voix \u00bb, a-t-il conclu apr\u00e8s avoir transmis ses condol\u00e9ances \u00e0 la famille de <a href=\"https:\/\/www.leparisien.fr\/sports\/football\/mort-de-rolland-courbis-a-72-ans-entre-vestiaire-banc-et-micro-lhomme-qui-aimait-le-jeu-12-01-2026-ERVP4GTRSJBR3CNA62I53D2UEQ.php\" target=\"_self\" rel=\"nofollow noopener\">Rolland Courbis<\/a>, son ancien entra\u00eeneur \u00e0 Ajaccio, d\u00e9c\u00e9d\u00e9 lundi. Un coach qui l\u2019a beaucoup conseill\u00e9 dans son parcours et \u00e0 qui il aimerait sans doute rendre aussi hommage en emmenant le Maroc en finale de la CAN. \u00ab Cela fait longtemps que le Maroc n\u2019a pas particip\u00e9 \u00e0 une demi-finale de CAN, a expliqu\u00e9 Regragui. On est content de le remettre dans le dernier carr\u00e9, face \u00e0 une des meilleures \u00e9quipes du continent. \u00c7a va \u00eatre un gros choc, comme une finale. C\u2019est bien pour le spectacle, bien pour l\u2019Afrique, on esp\u00e8re \u00eatre \u00e0 la hauteur de l\u2019\u00e9v\u00e9nement et se qualifier pour la finale \u00bb, a-t-il assur\u00e9 avant de r\u00e9pondre aux questions.<\/p>\n<p class=\"\">Quel est l\u2019\u00e9tat de vos troupes avant cette demi-finale ?<\/p>\n<p class=\"\">WALID REGRAGUI. Au niveau des bless\u00e9s, on a une bonne nouvelle : <a href=\"https:\/\/www.leparisien.fr\/sports\/football\/coupe-d-afrique-des-nations\/can-2025-azzedine-ounahi-en-bequilles-le-maroc-retient-son-souffle-04-01-2026-AKWCGKNS3RHN5I6E2SAPJQU5UI.php\" target=\"_self\" rel=\"nofollow noopener\">Ounahi<\/a> pourra jouer demain. Non, je rigole (\u00e9clats de rire dans l\u2019assistance). Romain Sa\u00efss en revanche, revient bien, il s\u2019entra\u00eene. On verra s\u2019il peut jouer. Tout le monde peut postuler dans le groupe \u00e0 part Azzedine Ounahi.<\/p>\n<p class=\"\">Votre CAN a-t-elle vraiment commenc\u00e9 en quart face au <a href=\"https:\/\/www.leparisien.fr\/sports\/football\/coupe-d-afrique-des-nations\/on-savait-a-quoi-sattendre-la-colere-du-cameroun-contre-larbitrage-apres-un-possible-penalty-non-siffle-contre-le-maroc-09-01-2026-LRWGMKZ4RJHALITCS3NQ6HWK44.php\" target=\"_self\" rel=\"nofollow noopener\">Cameroun<\/a> (2-0) ?<\/p>\n<p class=\"\">Non, on pourrait croire qu\u2019on est mont\u00e9 en puissance \u00e0 ce moment-l\u00e0. Mais dans les premiers tours, il y a des essais, des joueurs \u00e0 remettre en forme\u2026 Ce sont des matchs o\u00f9 on prend des risques contr\u00f4l\u00e9s. La prestation contre le Cameroun nous a en revanche rassur\u00e9s physiquement. Mais quand on joue un quart de finale, le degr\u00e9 de motivation est au top et oblige \u00e0 monter les crit\u00e8res d\u2019exigence. Quad on joue un adversaire de moindre r\u00e9putation les gens ont l\u2019impression qu\u2019on en a laiss\u00e9 sous le pied. Ce n\u2019est pas le cas. Mais l\u00e0 on est bien, on confirme ce qu\u2019on fait depuis plusieurs ann\u00e9es.<\/p>\n<p class=\"\">Que pensez-vous des pol\u00e9miques autour de l\u2019arbitrage ?<\/p>\n<p class=\"\">C\u2019est dommage d\u2019aller sur ce chemin-l\u00e0. On travaille bien mais on veut faire croire qu\u2019il y a des matchs qui se gagnent comme \u00e7a. Il ne faut pas se mentir, il y a toujours eu des doutes l\u00e0-dessus en Afrique. Mais vous, les journalistes, devez faire votre travail. Des pol\u00e9miques sur des p\u00e9naltys non siffl\u00e9s, il y en a partout et tout le temps, ici comme en Europe. Surtout il ne faut pas oublier de dire que nous aussi, on a \u00e9t\u00e9 l\u00e9s\u00e9s sur des p\u00e9naltys non siffl\u00e9s. Quand El Khannouss est pouss\u00e9 dans la surface personne ne dit qu\u2019il y a p\u00e9nalty, quand Sa\u00efbari prend un coup de poing au visage du gardien du Cameroun il y a p\u00e9nalty aussi\u2026 Et pourtant, jamais vous ne m\u2019avez entendu parler de l\u2019arbitrage. Moi, je pars du principe qu\u2019on avance et qu\u2019il faut aider l\u2019arbitrage, sans avoir la sensation d\u2019\u00eatre l\u00e9s\u00e9. Je dirai toujours \u00e0 mes joueurs de ne pas parler l\u00e0-dessus, m\u00eame si je pense qu\u2019on fait partie des \u00e9quipes les plus l\u00e9s\u00e9s dans la comp\u00e9tition.<\/p>\n<p class=\"\">Comment vivez-vous les critiques qui vous ont suivi avant cette CAN ?<\/p>\n<p class=\"\">C\u2019est une tr\u00e8s bonne question. Je me bats pour mon pays. Les critiques je ne les \u00e9coute pas. On a que quatre d\u00e9faites en trois ans et demi. Normalement personne ne devrait parler, mais au Maroc c\u2019est diff\u00e9rent. Il faut accepter cela.<\/p>\n<p>\u00ab C\u2019est la meilleure pub qu\u2019on pouvait avoir pour le foot africain \u00bb<\/p>\n<p class=\"\">Comment allez-vous g\u00e9rer la bataille du milieu ?<\/p>\n<p class=\"\">L\u2019absence de Wilfrid Ndidi je ne vais pas dire va nous aider car ils ont d\u2019autres joueurs de qualit\u00e9. L\u2019important de toute fa\u00e7on, c\u2019est que rien ne tourne autour d\u2019un seul joueur. Ce dont il faudra se souvenir c\u2019est qu\u2019en termes d\u2019impact, on ne pourra pas se permettre de refaire nos 20 mauvaises minutes contre la Tanzanie, voire m\u00eame les 15 de baisse de r\u00e9gime contre le Cameroun, sinon on sera punis. \u00c7a va encore \u00eatre un bon test. Pour nous, mais pour eux aussi car ils ne sont pas encore tomb\u00e9s contre une \u00e9quipe d\u2019une qualit\u00e9 \u00e9quivalente \u00e0 la n\u00f4tre.<\/p>\n<p class=\"\">Le tableau des demi-finales confirme-t-il que cette CAN est la plus relev\u00e9e de l\u2019histoire ?<\/p>\n<p class=\"\">Quand j\u2019ai dit cela au d\u00e9but de la comp\u00e9tition, j\u2019ai entendu dire que je me cherchais d\u00e9j\u00e0 des excuses en cas de d\u00e9faite. J\u2019esp\u00e8re que je vais gagner une des CAN les plus relev\u00e9es de l\u2019histoire. Il y a de bons stades, de bonnes conditions, on a <a href=\"https:\/\/www.leparisien.fr\/sports\/football\/coupe-d-afrique-des-nations\/can-2025-hakimi-salah-mahrez-toutes-les-superstars-du-foot-africain-au-rendez-vous-des-quarts-de-finale-07-01-2026-7EU2JPKRYBAX5ERS2GRQEESZW4.php\" target=\"_self\" rel=\"nofollow noopener\">Salah, Man\u00e9, Hakimi, Lookman, Osimhen<\/a> qui sont tous Ballon d\u2019or\u2026 Le Nigeria est pour la 17e fois en demi-finale, le S\u00e9n\u00e9gal est une des meilleures \u00e9quipes d\u2019Afrique et nous, on se bat pour le devenir. C\u2019est la meilleure pub qu\u2019on pouvait avoir pour le foot africain. Est-ce la plus relev\u00e9e de l\u2019histoire ? Pour moi oui. Apr\u00e8s il est s\u00fbr que les conditions sont aussi meilleures que lors des pr\u00e9c\u00e9dentes et que c\u2019est plus facile de jouer dans ces conditions que sous 80 % d\u2019humidit\u00e9 sur une pelouse moyenne. Dor\u00e9navant, on aura de moins en moins de surprises, de plus en plus de chocs, on pourra vendre les droits plus chers. Moi qui suis pro africain, je suis ravi de ce constat.<\/p>\n<p class=\"\">\u00catre soutenu par un tel public est un avantage mais \u00eates-vous conscient que si vous ne passez pas, vous allez perdre votre job ?<\/p>\n<p class=\"\">(Sourire en coin) Oui, bien s\u00fbr, mais je ne suis pas le seul \u00e0 \u00eatre dans ce cas-l\u00e0. Tous les coachs savent qu\u2019ils peuvent perdre leur boulot. Mais ce n\u2019est pas mon \u00e9tat d\u2019esprit, moi je veux aider mon pays. Je n\u2019ai pas peur de \u00e7a, si c\u2019\u00e9tait le cas, je ne ferais pas ce job. Quant au public, il rend ton adversaire diff\u00e9rent. Quand tu joues au Maroc, ce stade est difficile pour tous les adversaires. Les fans marocains font leur maximum pour montrer que gagner ici est tr\u00e8s difficile.<\/p>\n<p>\u00ab Je vous l\u2019annonce, Hakimi va \u00eatre \u00e9norme physiquement et techniquement \u00bb<\/p>\n<p class=\"\">Vous \u00eates le premier coach \u00e0 mener une s\u00e9lection marocaine en demi-finale d\u2019un Mondial puis d\u2019une CAN. Votre objectif, personnellement, est-il de marquer l\u2019histoire ?<\/p>\n<p class=\"\">Ce sont les titres qui marquent l\u2019histoire. On a fait une s\u00e9rie de 19 victoires cons\u00e9cutives ce qui est un record mondial, on est invaincus dans les qualifications de la Coupe monde et de la CAN, on met deux buts de moyenne par match\u2026 Les chiffres parlent d\u2019eux-m\u00eames. Mais mon objectif n\u2019est pas de dire j\u2019ai fait ceci ou cela, c\u2019est de ramener le troph\u00e9e. Il nous reste deux matchs. On prend le Nigeria qui est une des meilleures \u00e9quipes d\u2019Afrique Ce qui m\u2019importe c\u2019est de gagner. On a un des matchs les plus importants de l\u2019histoire \u00e0 jouer. C\u2019\u00e9tait une surprise en Coupe du monde, l\u00e0 on est \u00e0 notre place. L\u2019objectif est d\u2019entrer dans l\u2019histoire, qu\u2019une g\u00e9n\u00e9ration voit le Maroc en finale.<\/p>\n<p class=\"\">En raison de sa blessure Achraf Hakimi a commenc\u00e9 sa comp\u00e9tition plus tard que les autres. Qu\u2019en attendez-vous d\u00e9sormais pour les deux matchs et les cinq jours qu\u2019il reste ?<\/p>\n<p class=\"\">Il monte en puissance. C\u2019\u00e9tait impossible qu\u2019il soit \u00e0 100 % contre la Zambie. Il a fait 90 minutes contre la Tanzanie, il fallait qu\u2019il passe la barri\u00e8re psychologique de l\u2019apr\u00e8s blessure. Contre le Cameroun il a fait un match solide. Il monte en puissance. Pourtant, il a \u00e9t\u00e9 gripp\u00e9, on a eu une crainte de blessure musculaire car le virus l\u2019avait fragilis\u00e9. Mais il a tenu, \u00e7a montre le joueur qu\u2019il est. Quand tu es coach et que tu as un joueur comme lui, tu es content. Demain, je vous l\u2019annonce, il va \u00eatre \u00e9norme physiquement et techniquement. Il va aider cette \u00e9quipe. On a un r\u00eave et Achraf, c\u2019est le porteur de ce r\u00eave.<\/p>\n","protected":false},"excerpt":{"rendered":"Le coach des Lions de l\u2019Atlas a boucl\u00e9 le petit exercice des prises de parole ce mardi. Dans&hellip;\n","protected":false},"author":2,"featured_media":20825,"comment_status":"","ping_status":"","sticky":false,"template":"","format":"standard","meta":{"footnotes":""},"categories":[41],"tags":[360,311,158,264],"class_list":{"0":"post-20824","1":"post","2":"type-post","3":"status-publish","4":"format-standard","5":"has-post-thumbnail","7":"category-maroc","8":"tag-can","9":"tag-football","10":"tag-maroc","11":"tag-sports"},"share_on_mastodon":{"url":"","error":""},"_links":{"self":[{"href":"https:\/\/www.europesays.com\/africa\/wp-json\/wp\/v2\/posts\/20824","targetHints":{"allow":["GET"]}}],"collection":[{"href":"https:\/\/www.europesays.com\/africa\/wp-json\/wp\/v2\/posts"}],"about":[{"href":"https:\/\/www.europesays.com\/africa\/wp-json\/wp\/v2\/types\/post"}],"author":[{"embeddable":true,"href":"https:\/\/www.europesays.com\/africa\/wp-json\/wp\/v2\/users\/2"}],"replies":[{"embeddable":true,"href":"https:\/\/www.europesays.com\/africa\/wp-json\/wp\/v2\/comments?post=20824"}],"version-history":[{"count":0,"href":"https:\/\/www.europesays.com\/africa\/wp-json\/wp\/v2\/posts\/20824\/revisions"}],"wp:featuredmedia":[{"embeddable":true,"href":"https:\/\/www.europesays.com\/africa\/wp-json\/wp\/v2\/media\/20825"}],"wp:attachment":[{"href":"https:\/\/www.europesays.com\/africa\/wp-json\/wp\/v2\/media?parent=20824"}],"wp:term":[{"taxonomy":"category","embeddable":true,"href":"https:\/\/www.europesays.com\/africa\/wp-json\/wp\/v2\/categories?post=20824"},{"taxonomy":"post_tag","embeddable":true,"href":"https:\/\/www.europesays.com\/africa\/wp-json\/wp\/v2\/tags?post=20824"}],"curies":[{"name":"wp","href":"https:\/\/api.w.org\/{rel}","templated":true}]}}