{"id":20872,"date":"2026-01-13T14:09:07","date_gmt":"2026-01-13T14:09:07","guid":{"rendered":"https:\/\/www.europesays.com\/africa\/20872\/"},"modified":"2026-01-13T14:09:07","modified_gmt":"2026-01-13T14:09:07","slug":"can-2025-brahim-diaz-ne-fera-pas-gagner-le-maroc-a-lui-tout-seul-can-2025-la-chronique-de-joseph-antoine-bell","status":"publish","type":"post","link":"https:\/\/www.europesays.com\/africa\/20872\/","title":{"rendered":"CAN 2025: \u00abBrahim Diaz ne fera pas gagner le Maroc \u00e0 lui tout seul\u00bb &#8211; CAN 2025 : la chronique de Joseph-Antoine Bell"},"content":{"rendered":"<p>                                    <a href=\"https:\/\/www.rfi.fr\/fr\/\" class=\"m-breadcrumb__list__item__link a-svg a-svg--picto-home\" aria-label=\"Retour \u00e0 l&#039;accueil\" rel=\"nofollow noopener\" target=\"_blank\"><br \/>\n                        Retour \u00e0 l&#8217;accueil<br \/>\n                    <\/a><br \/>\n                    \/<a href=\"https:\/\/www.rfi.fr\/fr\/podcasts\/\" class=\"m-breadcrumb__list__item__link\" rel=\"nofollow noopener\" target=\"_blank\"><br \/>\n                        Podcasts<br \/>\n                    <\/a><br \/>\n                    \/<a href=\"https:\/\/www.rfi.fr\/fr\/podcasts\/can-chronique-de-joseph-antoine-bell\/\" class=\"m-breadcrumb__list__item__link\" rel=\"nofollow noopener\" target=\"_blank\"><br \/>\n                        CAN 2025 : la chronique de Joseph-Antoine Bell<br \/>\n                    <\/a><\/p>\n<p class=\"t-content__chapo\">\n                                                Chaque jour \u00e0 la m\u00eame heure, nous avons rendez-vous avec Joseph-Antoine Bell, le consultant de RFI, qui analyse pour nous les faits marquants de la CAN 2025. \u00c0 la veille des affiches du dernier carr\u00e9 Nig\u00e9ria &#8211; Maroc et S\u00e9n\u00e9gal &#8211; \u00c9gypte, l\u2019ancien gardien des Lions indomptables loue le travail des s\u00e9lectionneurs des demi-finalistes. Il estime aussi que les Lions de l&#8217;Atlas doivent trouver d&#8217;autres solutions offensives que leur num\u00e9ro 10 et meilleur buteur de la CAN, s&#8217;ils veulent prendre le meilleur sur les Super Eagles. Joseph-Antoine Bell r\u00e9pond aux questions de C\u00e9dric de Oliveira.                    <\/p>\n<p><img fetchpriority=\"low\" decoding=\"async\" src=\"https:\/\/www.europesays.com\/africa\/wp-content\/uploads\/2026\/01\/WhatsApp-Image-2026-01-13-at-10-51-45-1.jpeg\"   width=\"1024\" height=\"576\" alt=\"Joseph-Antoine Bell, consultant de RFI \u00e0 la CAN 2025 au Maroc.\" loading=\"eager\" class=\"a-img \"\/><\/p>\n<p>                Joseph-Antoine Bell, consultant de RFI \u00e0 la CAN 2025 au Maroc.                \u00a9 C\u00e9dric de Oliveira            <\/p>\n<p>Poursuivez votre lecture sur les m\u00eames th\u00e8mes :<\/p>\n","protected":false},"excerpt":{"rendered":"Retour \u00e0 l&#8217;accueil \/ Podcasts \/ CAN 2025 : la chronique de Joseph-Antoine Bell Chaque jour \u00e0 la&hellip;\n","protected":false},"author":2,"featured_media":20873,"comment_status":"","ping_status":"","sticky":false,"template":"","format":"standard","meta":{"footnotes":""},"categories":[41],"tags":[179,10061,4632,311,158,122,159,264],"class_list":{"0":"post-20872","1":"post","2":"type-post","3":"status-publish","4":"format-standard","5":"has-post-thumbnail","7":"category-maroc","8":"tag-can-2025","9":"tag-can-2025-la-chronique-de-joseph-antoine-bell","10":"tag-egypte","11":"tag-football","12":"tag-maroc","13":"tag-nigeria","14":"tag-senegal","15":"tag-sports"},"share_on_mastodon":{"url":"","error":""},"_links":{"self":[{"href":"https:\/\/www.europesays.com\/africa\/wp-json\/wp\/v2\/posts\/20872","targetHints":{"allow":["GET"]}}],"collection":[{"href":"https:\/\/www.europesays.com\/africa\/wp-json\/wp\/v2\/posts"}],"about":[{"href":"https:\/\/www.europesays.com\/africa\/wp-json\/wp\/v2\/types\/post"}],"author":[{"embeddable":true,"href":"https:\/\/www.europesays.com\/africa\/wp-json\/wp\/v2\/users\/2"}],"replies":[{"embeddable":true,"href":"https:\/\/www.europesays.com\/africa\/wp-json\/wp\/v2\/comments?post=20872"}],"version-history":[{"count":0,"href":"https:\/\/www.europesays.com\/africa\/wp-json\/wp\/v2\/posts\/20872\/revisions"}],"wp:featuredmedia":[{"embeddable":true,"href":"https:\/\/www.europesays.com\/africa\/wp-json\/wp\/v2\/media\/20873"}],"wp:attachment":[{"href":"https:\/\/www.europesays.com\/africa\/wp-json\/wp\/v2\/media?parent=20872"}],"wp:term":[{"taxonomy":"category","embeddable":true,"href":"https:\/\/www.europesays.com\/africa\/wp-json\/wp\/v2\/categories?post=20872"},{"taxonomy":"post_tag","embeddable":true,"href":"https:\/\/www.europesays.com\/africa\/wp-json\/wp\/v2\/tags?post=20872"}],"curies":[{"name":"wp","href":"https:\/\/api.w.org\/{rel}","templated":true}]}}