{"id":20893,"date":"2026-01-13T14:24:08","date_gmt":"2026-01-13T14:24:08","guid":{"rendered":"https:\/\/www.europesays.com\/africa\/20893\/"},"modified":"2026-01-13T14:24:08","modified_gmt":"2026-01-13T14:24:08","slug":"le-ministre-pakistanais-de-la-defense-en-visite-officielle-au-maroc","status":"publish","type":"post","link":"https:\/\/www.europesays.com\/africa\/20893\/","title":{"rendered":"Le ministre pakistanais de la D\u00e9fense en visite officielle au Maroc"},"content":{"rendered":"<p>Cette visite, qui s&#8217;inscrit dans le cadre de la consolidation et de la diversification de la coop\u00e9ration bilat\u00e9rale entre le Royaume du Maroc et la R\u00e9publique Islamique du Pakistan, a \u00e9t\u00e9 marqu\u00e9e par la signature d&#8217;un M\u00e9morandum d&#8217;entente dans le domaine de la D\u00e9fense et ce, en pr\u00e9sence du G\u00e9n\u00e9ral de Corps d&#8217;Arm\u00e9e Mohammed Berrid, Inspecteur G\u00e9n\u00e9ral des Forces Arm\u00e9es Royales et Commandant la Zone Sud et de l&#8217;Ambassadeur de la R\u00e9publique Islamique du Pakistan \u00e0 Rabat, indique un communiqu\u00e9 de l&#8217;Administration de la D\u00e9fense Nationale. <\/p>\n<p>Ce M\u00e9morandum d&#8217;entente porte sur la coop\u00e9ration, notamment dans les domaines de la formation, de l&#8217;entra\u00eenement et exercices, de la cybers\u00e9curit\u00e9, de l&#8217;industrie de d\u00e9fense, de la sant\u00e9 militaire ainsi que l&#8217;\u00e9change d&#8217;exp\u00e9rience et d&#8217;expertise dans d&#8217;autres domaines d&#8217;int\u00e9r\u00eats communs. Il pr\u00e9voit \u00e9galement la cr\u00e9ation d&#8217;un m\u00e9canisme de suivi et de coordination conjoint des activit\u00e9s de coop\u00e9ration arr\u00eat\u00e9es d&#8217;un commun accord. <\/p>\n<p>Lors de cet entretien, les deux responsables ont mis en exergue le caract\u00e8re important du partenariat entre les deux pays et ont \u00e9galement pass\u00e9 en revue les diff\u00e9rents volets de la coop\u00e9ration militaire bilat\u00e9rale et les voies et moyens de la renforcer davantage dans les domaines d&#8217;int\u00e9r\u00eats communs. <\/p>\n<p>Cette rencontre a \u00e9t\u00e9 aussi l&#8217;occasion pour mettre en avant les diverses initiatives de coop\u00e9ration Sud-Sud et d&#8217;int\u00e9gration r\u00e9gionale, lanc\u00e9es sous le Leadership de Sa Majest\u00e9 le Roi, que Dieu L&#8217;Assiste, faisant du Maroc un acteur important de stabilit\u00e9 et un exportateur de paix et de s\u00e9curit\u00e9 vers les pays de son voisinage. Dans ce cadre, les deux ministres ont mis l&#8217;accent sur l&#8217;importance de nouer des partenariats strat\u00e9giques entre le Maroc et le Pakistan dans le cadre d&#8217;une coop\u00e9ration Sud-Sud b\u00e9n\u00e9fique pour le d\u00e9veloppement des deux pays. <\/p>\n<p>Au terme de cette entrevue, les deux responsables ont manifest\u00e9 l&#8217;ambition et la volont\u00e9 commune de consolider, \u00e0 l&#8217;avenir, ces relations \u00e0 travers notamment la mise en \u0153uvre du M\u00e9morandum d&#8217;entente dans le domaine de la d\u00e9fense sign\u00e9 ce jour.<\/p>\n","protected":false},"excerpt":{"rendered":"Cette visite, qui s&#8217;inscrit dans le cadre de la consolidation et de la diversification de la coop\u00e9ration bilat\u00e9rale&hellip;\n","protected":false},"author":2,"featured_media":20894,"comment_status":"","ping_status":"","sticky":false,"template":"","format":"standard","meta":{"footnotes":""},"categories":[41],"tags":[554,553,555,556,563,565,560,567,561,557,162,566,564,558,559,158,562,248,239,310,568],"class_list":{"0":"post-20893","1":"post","2":"type-post","3":"status-publish","4":"format-standard","5":"has-post-thumbnail","7":"category-maroc","8":"tag-actualites","9":"tag-actualites-et-infos-au-maroc","10":"tag-actualites-et-infos-mondiale","11":"tag-actualites-marocaines-du-jour","12":"tag-alimentation","13":"tag-analyses","14":"tag-art-de-vivre","15":"tag-chronique","16":"tag-consommation-et-bien-etre","17":"tag-culture","18":"tag-economie","19":"tag-edito","20":"tag-etudes","21":"tag-insolite","22":"tag-loisirs","23":"tag-maroc","24":"tag-mode","25":"tag-politique","26":"tag-societe","27":"tag-sport","28":"tag-tribune"},"share_on_mastodon":{"url":"","error":""},"_links":{"self":[{"href":"https:\/\/www.europesays.com\/africa\/wp-json\/wp\/v2\/posts\/20893","targetHints":{"allow":["GET"]}}],"collection":[{"href":"https:\/\/www.europesays.com\/africa\/wp-json\/wp\/v2\/posts"}],"about":[{"href":"https:\/\/www.europesays.com\/africa\/wp-json\/wp\/v2\/types\/post"}],"author":[{"embeddable":true,"href":"https:\/\/www.europesays.com\/africa\/wp-json\/wp\/v2\/users\/2"}],"replies":[{"embeddable":true,"href":"https:\/\/www.europesays.com\/africa\/wp-json\/wp\/v2\/comments?post=20893"}],"version-history":[{"count":0,"href":"https:\/\/www.europesays.com\/africa\/wp-json\/wp\/v2\/posts\/20893\/revisions"}],"wp:featuredmedia":[{"embeddable":true,"href":"https:\/\/www.europesays.com\/africa\/wp-json\/wp\/v2\/media\/20894"}],"wp:attachment":[{"href":"https:\/\/www.europesays.com\/africa\/wp-json\/wp\/v2\/media?parent=20893"}],"wp:term":[{"taxonomy":"category","embeddable":true,"href":"https:\/\/www.europesays.com\/africa\/wp-json\/wp\/v2\/categories?post=20893"},{"taxonomy":"post_tag","embeddable":true,"href":"https:\/\/www.europesays.com\/africa\/wp-json\/wp\/v2\/tags?post=20893"}],"curies":[{"name":"wp","href":"https:\/\/api.w.org\/{rel}","templated":true}]}}