{"id":20935,"date":"2026-01-13T14:50:13","date_gmt":"2026-01-13T14:50:13","guid":{"rendered":"https:\/\/www.europesays.com\/africa\/20935\/"},"modified":"2026-01-13T14:50:13","modified_gmt":"2026-01-13T14:50:13","slug":"afrique-tshisekedi-a-lome-pour-saluer-la-mediation-togolaise","status":"publish","type":"post","link":"https:\/\/www.europesays.com\/africa\/20935\/","title":{"rendered":"Afrique: Tshisekedi \u00e0 Lom\u00e9 pour saluer la m\u00e9diation togolaise"},"content":{"rendered":"<p class=\"story-body-text\" data-para-word-count=\"23\">Le pr\u00e9sident de la R\u00e9publique D\u00e9mocratique du Congo (RDC), Antoine Tshisekedi, a effectu\u00e9 ce lundi une visite d&#8217;amiti\u00e9 et de travail \u00e0 Lom\u00e9.<\/p>\n<p class=\"story-body-text\" data-para-word-count=\"46\">\u00c0 son arriv\u00e9e dans la capitale togolaise, le chef de l&#8217;\u00c9tat congolais a \u00e9t\u00e9 accueilli par le pr\u00e9sident du Conseil, Faure Essozimna Gnassingb\u00e9. Les deux dirigeants ont ensuite tenu une s\u00e9ance de travail consacr\u00e9e essentiellement aux questions li\u00e9es \u00e0 la situation dans l&#8217;Est de la RDC.<\/p>\n<p class=\"story-body-text\" data-para-word-count=\"43\">Antoine Tshisekedi-Tshilombo a f\u00e9licit\u00e9 Faure Essozimna Gnassingb\u00e9 pour ses efforts de m\u00e9diation en vue de trouver une solution durable au conflit dans l&#8217;Est de la RDC, o\u00f9 les affrontements entre l&#8217;arm\u00e9e congolaise et les milices du M23 continuent malgr\u00e9 l&#8217;accord de paix sign\u00e9.<\/p>\n<p class=\"story-body-text\" style=\"text-align: center;\">\n<p>Suivez-nous sur <a href=\"https:\/\/whatsapp.com\/channel\/0029Vae09IP4inotqC0BUQ2V\" target=\"_blank\" rel=\"nofollow noopener\">WhatsApp<\/a> | <a href=\"https:\/\/www.linkedin.com\/company\/allafrica\/\" target=\"_blank\" rel=\"nofollow noopener\">LinkedIn<\/a> pour les derniers titres<\/p>\n<p class=\"story-body-text\" data-para-word-count=\"54\">M. Gnassingb\u00e9 est le m\u00e9diateur d\u00e9sign\u00e9 de l&#8217;Union africaine pour la r\u00e9solution de la crise dans la r\u00e9gion des Grands Lacs. Depuis sa d\u00e9signation, il a entrepris plusieurs missions qui ont contribu\u00e9 au rapprochement entre les parties prenantes, aux d\u00e9sescalades et \u00e0 la signature d&#8217;un accord de paix entre la RDC et le Rwanda.<\/p>\n<p class=\"story-body-text\" data-para-word-count=\"35\">Cette m\u00e9diation togolaise s&#8217;inscrit dans une approche multilat\u00e9rale associant \u00e9galement les \u00c9tats-Unis, qui ont jou\u00e9 un r\u00f4le dans la signature de l&#8217;accord sous l&#8217;administration Trump, et d&#8217;autres partenaires r\u00e9gionaux et internationaux parmi lesquels le Qatar.<\/p>\n<p class=\"story-body-text\" data-para-word-count=\"49\">La visite du pr\u00e9sident congolais intervient quelques jours avant le sommet de haut niveau pr\u00e9vu \u00e0 Lom\u00e9 le 17 janvier qui r\u00e9unira les parties prenantes au conflit pour faire le point sur la mise en oeuvre de l&#8217;accord de paix et pr\u00e9parer la deuxi\u00e8me phase du processus de pacification.<\/p>\n","protected":false},"excerpt":{"rendered":"Le pr\u00e9sident de la R\u00e9publique D\u00e9mocratique du Congo (RDC), Antoine Tshisekedi, a effectu\u00e9 ce lundi une visite d&#8217;amiti\u00e9&hellip;\n","protected":false},"author":2,"featured_media":20936,"comment_status":"","ping_status":"","sticky":false,"template":"","format":"standard","meta":{"footnotes":""},"categories":[62],"tags":[63,64,83,657,650,265,262,649,268,96,261,264,6402,263,266,325],"class_list":{"0":"post-20935","1":"post","2":"type-post","3":"status-publish","4":"format-standard","5":"has-post-thumbnail","7":"category-afrique","8":"tag-africa","9":"tag-afrique","10":"tag-business","11":"tag-central-africa","12":"tag-congo-kinshasa","13":"tag-current-events","14":"tag-economy","15":"tag-external-relations","16":"tag-governance","17":"tag-news","18":"tag-politics","19":"tag-sports","20":"tag-togo","21":"tag-trade","22":"tag-travel","23":"tag-west-africa"},"share_on_mastodon":{"url":"","error":""},"_links":{"self":[{"href":"https:\/\/www.europesays.com\/africa\/wp-json\/wp\/v2\/posts\/20935","targetHints":{"allow":["GET"]}}],"collection":[{"href":"https:\/\/www.europesays.com\/africa\/wp-json\/wp\/v2\/posts"}],"about":[{"href":"https:\/\/www.europesays.com\/africa\/wp-json\/wp\/v2\/types\/post"}],"author":[{"embeddable":true,"href":"https:\/\/www.europesays.com\/africa\/wp-json\/wp\/v2\/users\/2"}],"replies":[{"embeddable":true,"href":"https:\/\/www.europesays.com\/africa\/wp-json\/wp\/v2\/comments?post=20935"}],"version-history":[{"count":0,"href":"https:\/\/www.europesays.com\/africa\/wp-json\/wp\/v2\/posts\/20935\/revisions"}],"wp:featuredmedia":[{"embeddable":true,"href":"https:\/\/www.europesays.com\/africa\/wp-json\/wp\/v2\/media\/20936"}],"wp:attachment":[{"href":"https:\/\/www.europesays.com\/africa\/wp-json\/wp\/v2\/media?parent=20935"}],"wp:term":[{"taxonomy":"category","embeddable":true,"href":"https:\/\/www.europesays.com\/africa\/wp-json\/wp\/v2\/categories?post=20935"},{"taxonomy":"post_tag","embeddable":true,"href":"https:\/\/www.europesays.com\/africa\/wp-json\/wp\/v2\/tags?post=20935"}],"curies":[{"name":"wp","href":"https:\/\/api.w.org\/{rel}","templated":true}]}}