{"id":20941,"date":"2026-01-13T14:54:06","date_gmt":"2026-01-13T14:54:06","guid":{"rendered":"https:\/\/www.europesays.com\/africa\/20941\/"},"modified":"2026-01-13T14:54:06","modified_gmt":"2026-01-13T14:54:06","slug":"la-celebration-du-nouvel-an-amazigh-consacre-la-diversite-marocaine","status":"publish","type":"post","link":"https:\/\/www.europesays.com\/africa\/20941\/","title":{"rendered":"La c\u00e9l\u00e9bration du nouvel An Amazigh consacre la diversit\u00e9 marocaine"},"content":{"rendered":"<p>Dans un entretien au portail amazigh de la MAP, M. Boukous a expliqu\u00e9 que la D\u00e9cision Royale de d\u00e9cr\u00e9ter le Nouvel An Amazigh f\u00eate nationale et jour f\u00e9ri\u00e9 officiel pay\u00e9, fait de cet \u00e9v\u00e9nement majeur une occasion de valoriser un pan du patrimoine culturel national aux dimensions historiques et sociales. <\/p>\n<p>L\u2019officialisation de la langue amazighe s\u2019inscrit dans le cadre de la Vision \u00e9clair\u00e9e de Sa Majest\u00e9 le Roi Mohammed VI et de l&#8217;int\u00e9r\u00eat port\u00e9 par le Souverain \u00e0 cette langue en tant que composante essentielle de l\u2019identit\u00e9 nationale, a-t-il soulign\u00e9. <\/p>\n<p>Le nouvel An Amazigh qui c\u00e9l\u00e8bre les valeurs de solidarit\u00e9 et de vivre-ensemble, est intrins\u00e8quement li\u00e9 \u00e0 la culture nationale profond\u00e9ment ancr\u00e9e dans l&#8217;histoire, a fait remarquer M. Boukous, notant que son officialisation a insuffl\u00e9 une nouvelle dynamique culturelle \u00e0 cet \u00e9v\u00e8nement, renfor\u00e7ant l\u2019attachement des citoyens \u00e0 leur identit\u00e9, \u00e0 leur langue et \u00e0 leur culture. <\/p>\n<p>Ainsi, les institutions nationales, a-t-il relev\u00e9, ont pleinement adh\u00e9r\u00e9 \u00e0 la dynamique de c\u00e9l\u00e9bration de cette date, tant au Maroc qu&#8217;\u00e0 l&#8217;\u00e9tranger, contribuant \u00e0 la pr\u00e9servation et \u00e0 la promotion des diff\u00e9rentes facettes de la culture amazighe. <\/p>\n<p>M. Boukous a, dans ce sens, salu\u00e9 les initiatives men\u00e9es par les services consulaires du Royaume \u00e0 l\u2019\u00e9tranger, rappelant que l\u2019IRCAM ne cesse de mettre son expertise au service de la valorisation des sp\u00e9cificit\u00e9s de la culture marocaine et de promouvoir le caract\u00e8re singulier du mod\u00e8le marocain. <\/p>\n<p>Depuis sa cr\u00e9ation, l&#8217;IRCAM c\u00e9l\u00e8bre r\u00e9guli\u00e8rement cet \u00e9v\u00e9nement national en organisant des colloques et des conf\u00e9rences traitant divers aspects historiques, sociologiques et anthropologiques li\u00e9s \u00e0 la culture amazighe, avec la participation de nombreux chercheurs et sp\u00e9cialistes dans ces domaines, a-t-il rappel\u00e9. <\/p>\n<p>Par ailleurs, M. Boukous s&#8217;est f\u00e9licit\u00e9 des \u00e9tapes importantes franchies dans le processus de mise en \u0153uvre du caract\u00e8re officiel de la langue amazighe, notamment dans les domaines de l\u2019enseignement, des m\u00e9dias, de la culture et de l\u2019administration publique, en d\u00e9pit de certaines contraintes li\u00e9es aux postes d&#8217;emploi suffisants pour favoriser la g\u00e9n\u00e9ralisation et l&#8217;int\u00e9gration de cette langue dans tous les aspects de la vie publique. <\/p>\n<p>Il a \u00e9galement mis en avant le r\u00f4le de l\u2019IRCAM dans l\u2019accompagnement de l\u2019enseignement de la langue amazighe \u00e0 travers diff\u00e9rentes activit\u00e9s scientifiques, p\u00e9dagogiques et culturelles, notamment des colloques, des rencontres acad\u00e9miques et des ateliers d\u00e9di\u00e9s \u00e0 l\u2019apprentissage de l\u2019alphabet tifinagh.<\/p>\n","protected":false},"excerpt":{"rendered":"Dans un entretien au portail amazigh de la MAP, M. Boukous a expliqu\u00e9 que la D\u00e9cision Royale de&hellip;\n","protected":false},"author":2,"featured_media":20942,"comment_status":"","ping_status":"","sticky":false,"template":"","format":"standard","meta":{"footnotes":""},"categories":[41],"tags":[554,553,555,556,563,565,560,567,561,557,162,566,564,558,559,158,562,248,239,310,568],"class_list":{"0":"post-20941","1":"post","2":"type-post","3":"status-publish","4":"format-standard","5":"has-post-thumbnail","7":"category-maroc","8":"tag-actualites","9":"tag-actualites-et-infos-au-maroc","10":"tag-actualites-et-infos-mondiale","11":"tag-actualites-marocaines-du-jour","12":"tag-alimentation","13":"tag-analyses","14":"tag-art-de-vivre","15":"tag-chronique","16":"tag-consommation-et-bien-etre","17":"tag-culture","18":"tag-economie","19":"tag-edito","20":"tag-etudes","21":"tag-insolite","22":"tag-loisirs","23":"tag-maroc","24":"tag-mode","25":"tag-politique","26":"tag-societe","27":"tag-sport","28":"tag-tribune"},"share_on_mastodon":{"url":"","error":""},"_links":{"self":[{"href":"https:\/\/www.europesays.com\/africa\/wp-json\/wp\/v2\/posts\/20941","targetHints":{"allow":["GET"]}}],"collection":[{"href":"https:\/\/www.europesays.com\/africa\/wp-json\/wp\/v2\/posts"}],"about":[{"href":"https:\/\/www.europesays.com\/africa\/wp-json\/wp\/v2\/types\/post"}],"author":[{"embeddable":true,"href":"https:\/\/www.europesays.com\/africa\/wp-json\/wp\/v2\/users\/2"}],"replies":[{"embeddable":true,"href":"https:\/\/www.europesays.com\/africa\/wp-json\/wp\/v2\/comments?post=20941"}],"version-history":[{"count":0,"href":"https:\/\/www.europesays.com\/africa\/wp-json\/wp\/v2\/posts\/20941\/revisions"}],"wp:featuredmedia":[{"embeddable":true,"href":"https:\/\/www.europesays.com\/africa\/wp-json\/wp\/v2\/media\/20942"}],"wp:attachment":[{"href":"https:\/\/www.europesays.com\/africa\/wp-json\/wp\/v2\/media?parent=20941"}],"wp:term":[{"taxonomy":"category","embeddable":true,"href":"https:\/\/www.europesays.com\/africa\/wp-json\/wp\/v2\/categories?post=20941"},{"taxonomy":"post_tag","embeddable":true,"href":"https:\/\/www.europesays.com\/africa\/wp-json\/wp\/v2\/tags?post=20941"}],"curies":[{"name":"wp","href":"https:\/\/api.w.org\/{rel}","templated":true}]}}