{"id":20962,"date":"2026-01-13T15:06:06","date_gmt":"2026-01-13T15:06:06","guid":{"rendered":"https:\/\/www.europesays.com\/africa\/20962\/"},"modified":"2026-01-13T15:06:06","modified_gmt":"2026-01-13T15:06:06","slug":"attention-a-ces-deux-erreurs","status":"publish","type":"post","link":"https:\/\/www.europesays.com\/africa\/20962\/","title":{"rendered":"attention \u00e0 ces deux erreurs"},"content":{"rendered":"<p class=\"p1\">Les Alg\u00e9riens de l\u2019\u00e9tranger, immatricul\u00e9s dans un consulat depuis au moins trois ans, ont la possibilit\u00e9 d\u2019importer un v\u00e9hicule neuf ou d\u2019occasion sans payer les taxes douani\u00e8res, et ce, dans le cadre du certificat de changement de r\u00e9sidence (<a href=\"https:\/\/www.visa-algerie.com\/algerie-officiel-limportation-des-vehicules-de-moins-de-5-ans-validee-voici-la-date-et-les-conditions\/\" rel=\"nofollow noopener\" target=\"_blank\">CCR<\/a>).<\/p>\n<p class=\"p1\">Le plafond du total du v\u00e9hicule et des articles transport\u00e9s lors de ce \u00ab\u00a0d\u00e9m\u00e9nagement\u00a0\u00bb ne doit pas cependant d\u00e9passer les 10 millions de dinars, soit environ 65.000 \u20ac. Tout d\u00e9passement du plafond autoris\u00e9\u00a0sera\u00a0soumis au r\u00e9gime g\u00e9n\u00e9ral de d\u00e9douanement.<\/p>\n<p>NOS VIDEOS\u00a0<\/p>\n<p class=\"p1\">Alors qu\u2019ils ne pouvaient importer via CCR que des v\u00e9hicules neufs, les Alg\u00e9riens de la diaspora peuvent, depuis le 1er janvier 2026, importer des v\u00e9hicules d\u2019occasion de moins de 5 ans.<\/p>\n<p class=\"p1\">Il s\u2019agit d\u2019une mesure qui a suscit\u00e9 beaucoup d\u2019engouement chez les membres de la communaut\u00e9 alg\u00e9rienne de l\u2019\u00e9tranger. Cela dit, si aucun droit de douane n\u2019est appliqu\u00e9 sur les v\u00e9hicules import\u00e9s via CCR, il faut toutefois respecter certaines r\u00e8gles.<\/p>\n<p>CCR\u00a0: peut-on faire entrer un v\u00e9hicule en Alg\u00e9rie par procuration\u00a0?<\/p>\n<p class=\"p1\">Le d\u00e9put\u00e9 des Alg\u00e9riens de France, Tawfiq Khedim, \u00e0 la suite d\u2019une visite qu\u2019il a effectu\u00e9e \u00e0 la gare maritime d\u2019Alger, a voulu alerter les Alg\u00e9riens de l\u2019\u00e9tranger sur deux r\u00e8gles importantes qu\u2019ils doivent respecter s\u2019ils souhaitent importer un v\u00e9hicule dans le cadre du CCR.<\/p>\n<p class=\"p1\">Le premier point concerne l\u2019obligation de la pr\u00e9sence de l\u2019int\u00e9ress\u00e9 en personne lors de l\u2019arriv\u00e9e du v\u00e9hicule sur le territoire national. \u00ab\u00a0Le concern\u00e9 par le CCR doit \u00eatre personnellement\u00a0pr\u00e9sent \u00bb, indique en effet le d\u00e9put\u00e9.<\/p>\n<p class=\"p1\">Le parlementaire fait savoir que le concern\u00e9 par le CCR n\u2019a pas le droit d\u2019\u00e9tablir une procuration qui permettrait \u00e0 une autre personne de faire entrer le v\u00e9hicule et les effets personnels sur le territoire national.<\/p>\n<p class=\"p1\">\u00ab\u00a0J\u2019ai remarqu\u00e9 que certaines personnes font des procurations alors que la loi dit clairement que l\u2019int\u00e9ress\u00e9\u00a0doit \u00eatre pr\u00e9sent sur place\u00a0\u00bb, assure le d\u00e9put\u00e9 qui pr\u00e9cise que dans le cadre du CCR, \u00ab\u00a0on ne charge pas quelqu\u2019un d\u2019autre pour venir \u00e0 notre place en lui faisant une procuration\u00a0\u00bb.<\/p>\n<p>CCR\u00a0: les v\u00e9hicules diesel sont-ils autoris\u00e9s\u00a0?<\/p>\n<p class=\"p1\">Le deuxi\u00e8me point soulev\u00e9 par ce parlementaire est celui en rapport avec les\u00a0<a href=\"https:\/\/www.visa-algerie.com\/algerie-les-vehicules-diesel-sont-ils-autorises-via-le-ccr-en-2026\/\" rel=\"nofollow noopener\" target=\"_blank\">v\u00e9hicules diesel<\/a>\u00a0dans le cadre du CCR. Si la loi a apport\u00e9 une facilitation en autorisant l\u2019importation des v\u00e9hicules de moins de 5 ans, elle toutefois durcit les conditions concernant le type des v\u00e9hicules \u00e0 importer.<\/p>\n<p class=\"p1\">Si les v\u00e9hicules diesel \u00e9taient autoris\u00e9s \u00e0 l\u2019importation dans les anciennes lois de finances, dans celle de 2026, ils sont interdits dans le cadre du CCR, et ce, qu\u2019ils soient neufs ou de moins de 5 ans, rappelle le d\u00e9put\u00e9.<\/p>\n<p class=\"p1\">\u00ab\u00a0Dans le cadre du CCR, il est interdit d\u2019importer des v\u00e9hicules diesel, que ce soit un v\u00e9hicule neuf ou moins de 5 ans\u00a0\u00bb, confirme le d\u00e9put\u00e9, soulignant qu\u2019il est seulement autoris\u00e9 d\u2019importer, dans le cadre du CCR, les v\u00e9hicules essence, \u00e9lectriques ou hybrides (\u00e9lectrique-essence).<\/p>\n","protected":false},"excerpt":{"rendered":"Les Alg\u00e9riens de l\u2019\u00e9tranger, immatricul\u00e9s dans un consulat depuis au moins trois ans, ont la possibilit\u00e9 d\u2019importer un&hellip;\n","protected":false},"author":2,"featured_media":20963,"comment_status":"","ping_status":"","sticky":false,"template":"","format":"standard","meta":{"footnotes":""},"categories":[254],"tags":[255,13108],"class_list":{"0":"post-20962","1":"post","2":"type-post","3":"status-publish","4":"format-standard","5":"has-post-thumbnail","7":"category-algerie","8":"tag-algerie","9":"tag-algerie-vehicule-ccr"},"share_on_mastodon":{"url":"","error":""},"_links":{"self":[{"href":"https:\/\/www.europesays.com\/africa\/wp-json\/wp\/v2\/posts\/20962","targetHints":{"allow":["GET"]}}],"collection":[{"href":"https:\/\/www.europesays.com\/africa\/wp-json\/wp\/v2\/posts"}],"about":[{"href":"https:\/\/www.europesays.com\/africa\/wp-json\/wp\/v2\/types\/post"}],"author":[{"embeddable":true,"href":"https:\/\/www.europesays.com\/africa\/wp-json\/wp\/v2\/users\/2"}],"replies":[{"embeddable":true,"href":"https:\/\/www.europesays.com\/africa\/wp-json\/wp\/v2\/comments?post=20962"}],"version-history":[{"count":0,"href":"https:\/\/www.europesays.com\/africa\/wp-json\/wp\/v2\/posts\/20962\/revisions"}],"wp:featuredmedia":[{"embeddable":true,"href":"https:\/\/www.europesays.com\/africa\/wp-json\/wp\/v2\/media\/20963"}],"wp:attachment":[{"href":"https:\/\/www.europesays.com\/africa\/wp-json\/wp\/v2\/media?parent=20962"}],"wp:term":[{"taxonomy":"category","embeddable":true,"href":"https:\/\/www.europesays.com\/africa\/wp-json\/wp\/v2\/categories?post=20962"},{"taxonomy":"post_tag","embeddable":true,"href":"https:\/\/www.europesays.com\/africa\/wp-json\/wp\/v2\/tags?post=20962"}],"curies":[{"name":"wp","href":"https:\/\/api.w.org\/{rel}","templated":true}]}}