{"id":20966,"date":"2026-01-13T15:08:07","date_gmt":"2026-01-13T15:08:07","guid":{"rendered":"https:\/\/www.europesays.com\/africa\/20966\/"},"modified":"2026-01-13T15:08:07","modified_gmt":"2026-01-13T15:08:07","slug":"le-coup-de-bluff-deric-chelle-avant-daffronter-le-maroc","status":"publish","type":"post","link":"https:\/\/www.europesays.com\/africa\/20966\/","title":{"rendered":"le coup de bluff d\u2019Eric Chelle avant d\u2019affronter le Maroc"},"content":{"rendered":"<p>Dans ce genre d\u2019affiches, le match d\u00e9bute d\u00e8s la conf\u00e9rence de presse. Et \u00e7a, \u00c9ric <a href=\"https:\/\/www.footmercato.net\/entraineur\/eric-chelle\" rel=\"nofollow noopener\" target=\"_blank\">Chelle<\/a> l\u2019a bien compris. Ce mardi, avant d\u2019affronter le <a href=\"https:\/\/www.footmercato.net\/selection\/maroc\/\" rel=\"nofollow noopener\" target=\"_blank\">Maroc<\/a>, pays h\u00f4te, en demi-finale de la <a href=\"https:\/\/www.footmercato.net\/afrique\/coupe-dafrique-des-nations\/\" rel=\"nofollow noopener\" target=\"_blank\">CAN<\/a> 2025, le coach des Super Eagles a \u00e9voqu\u00e9 le style de jeu de son \u00e9quipe sur la rencontre. Et il a voulu prendre tout le monde de court expliquant que son \u00e9quipe allait d\u00e9fendre plut\u00f4t que jouer en dominant comme elle l\u2019a fait depuis le d\u00e9but de la CAN.<\/p>\n<p>            La suite apr\u00e8s cette publicit\u00e9<\/p>\n<p>\u00ab\u00a0Je trouve que mon groupe est fatigu\u00e9e, il va peut \u00eatre falloir que je change mon fusil d\u2019\u00e9paule. On va peut \u00eatre laisser le ballon au Maroc et les attendre. On a vu qu\u2019ils sont en difficult\u00e9s quand ils jouent face \u00e0 un bloc bas. On va commencer comme \u00e7a je pense. On va tenir en premi\u00e8re p\u00e9riode et essayer de jouer notre jeu en deuxi\u00e8me p\u00e9riode.\u00a0\u00bb Une d\u00e9claration qui a eu le m\u00e9rite de faire sourire les journalistes pr\u00e9sents sur place et qui n\u2019a pas vraiment convaincu. Mais le message est pass\u00e9. <\/p>\n<p>\n    Pub. le 13\/01\/2026 15:25<br \/>\n            &#8211; MAJ le 13\/01\/2026 16:07\n    <\/p>\n","protected":false},"excerpt":{"rendered":"Dans ce genre d\u2019affiches, le match d\u00e9bute d\u00e8s la conf\u00e9rence de presse. Et \u00e7a, \u00c9ric Chelle l\u2019a bien&hellip;\n","protected":false},"author":2,"featured_media":20967,"comment_status":"","ping_status":"","sticky":false,"template":"","format":"standard","meta":{"footnotes":""},"categories":[41],"tags":[158],"class_list":{"0":"post-20966","1":"post","2":"type-post","3":"status-publish","4":"format-standard","5":"has-post-thumbnail","7":"category-maroc","8":"tag-maroc"},"share_on_mastodon":{"url":"","error":""},"_links":{"self":[{"href":"https:\/\/www.europesays.com\/africa\/wp-json\/wp\/v2\/posts\/20966","targetHints":{"allow":["GET"]}}],"collection":[{"href":"https:\/\/www.europesays.com\/africa\/wp-json\/wp\/v2\/posts"}],"about":[{"href":"https:\/\/www.europesays.com\/africa\/wp-json\/wp\/v2\/types\/post"}],"author":[{"embeddable":true,"href":"https:\/\/www.europesays.com\/africa\/wp-json\/wp\/v2\/users\/2"}],"replies":[{"embeddable":true,"href":"https:\/\/www.europesays.com\/africa\/wp-json\/wp\/v2\/comments?post=20966"}],"version-history":[{"count":0,"href":"https:\/\/www.europesays.com\/africa\/wp-json\/wp\/v2\/posts\/20966\/revisions"}],"wp:featuredmedia":[{"embeddable":true,"href":"https:\/\/www.europesays.com\/africa\/wp-json\/wp\/v2\/media\/20967"}],"wp:attachment":[{"href":"https:\/\/www.europesays.com\/africa\/wp-json\/wp\/v2\/media?parent=20966"}],"wp:term":[{"taxonomy":"category","embeddable":true,"href":"https:\/\/www.europesays.com\/africa\/wp-json\/wp\/v2\/categories?post=20966"},{"taxonomy":"post_tag","embeddable":true,"href":"https:\/\/www.europesays.com\/africa\/wp-json\/wp\/v2\/tags?post=20966"}],"curies":[{"name":"wp","href":"https:\/\/api.w.org\/{rel}","templated":true}]}}