{"id":21013,"date":"2026-01-13T15:35:09","date_gmt":"2026-01-13T15:35:09","guid":{"rendered":"https:\/\/www.europesays.com\/africa\/21013\/"},"modified":"2026-01-13T15:35:09","modified_gmt":"2026-01-13T15:35:09","slug":"can-2025-eric-chelle-lalgerie-et-le-maroc-sont-differents-regragui-nest-pas-petkovic","status":"publish","type":"post","link":"https:\/\/www.europesays.com\/africa\/21013\/","title":{"rendered":"CAN 2025 &#8211; Eric Chelle : \u00ab L\u2019Alg\u00e9rie et le Maroc sont diff\u00e9rents, Regragui n\u2019est pas Petkovic \u00bb"},"content":{"rendered":"<p style=\"text-align: justify;\" data-start=\"115\" data-end=\"347\">Tombeurs de l\u2019Alg\u00e9rie en quarts de finale, les hommes d\u2019Eric Chelle s\u2019appr\u00eatent \u00e0 d\u00e9fier le pays h\u00f4te, le Maroc, en demi-finale de la CAN 2025. Ce choc, pr\u00e9vu ce mercredi \u00e0 21h00, mettra en jeu une place en finale de la comp\u00e9tition. En conf\u00e9rence de presse d\u2019avant-match, le s\u00e9lectionneur nig\u00e9rian est revenu sur cette affiche tr\u00e8s attendue, en insistant sur les diff\u00e9rences entre les deux s\u00e9lections et leurs entra\u00eeneurs respectifs, Vladimir Petkovic et Walid Regragui.<\/p>\n<p style=\"text-align: justify;\" data-start=\"588\" data-end=\"1008\">\u00c9voquant le d\u00e9fi qui attend son \u00e9quipe face aux Lions de l\u2019Atlas, Eric Chelle a tenu \u00e0 nuancer toute comparaison h\u00e2tive avec le quart de finale contre l\u2019Alg\u00e9rie, malgr\u00e9 la proximit\u00e9 g\u00e9ographique entre les deux pays : \u00ab L\u2019Alg\u00e9rie est une grande \u00e9quipe, avec ses forces et ses faiblesses. Le Maroc aussi est une grande s\u00e9lection, avec ses qualit\u00e9s et ses limites. \u00bb, a-t-il expliqu\u00e9.<\/p>\n<p style=\"text-align: justify;\" data-start=\"1010\" data-end=\"1357\">\u00c0 la veille d\u2019un rendez-vous d\u00e9cisif, Eric Chelle a tenu \u00e0 clarifier sa pens\u00e9e sur les comparaisons souvent faites entre les deux nations voisines et leurs s\u00e9lectionneurs : \u00ab Le Maroc et l\u2019Alg\u00e9rie sont diff\u00e9rents. Regragui n\u2019est pas Petkovic. Avec mon groupe, nous devons travailler s\u00e9rieusement pour gagner ce match demain \u00bb, a-t-il affirm\u00e9.<\/p>\n<p style=\"text-align: justify;\" data-start=\"1359\" data-end=\"1731\">L\u2019ancien entra\u00eeneur du MC Oran a \u00e9galement reconnu la fatigue accumul\u00e9e par son \u00e9quipe depuis le d\u00e9but de la comp\u00e9tition, laissant entrevoir un possible ajustement tactique : \u00ab Je sens mon \u00e9quipe \u00e9mouss\u00e9e. Il faudra peut-\u00eatre changer de strat\u00e9gie, laisser le ballon au Maroc et les attendre. On a vu qu\u2019ils peuvent \u00eatre en difficult\u00e9 face \u00e0 un bloc bas \u00bb, a-t-il analys\u00e9.<\/p>\n<p style=\"text-align: justify;\" data-start=\"1733\" data-end=\"2020\">Conscient de l\u2019enjeu, Eric Chelle a enfin d\u00e9voil\u00e9 les grandes lignes de son plan de jeu pour cette demi-finale sous haute tension : \u00ab On va sans doute commencer ainsi, rester bien organis\u00e9s en premi\u00e8re p\u00e9riode, puis essayer d\u2019imposer notre jeu en deuxi\u00e8me mi-temps \u00bb, a-t-il conclu.<\/p>\n<p style=\"text-align: justify;\" data-start=\"2022\" data-end=\"2147\" data-is-last-node=\"\" data-is-only-node=\"\">Pour rappel, le vainqueur de Nig\u00e9ria\u2013Maroc rejoindra la finale de la CAN 2025, o\u00f9 l\u2019attendent soit l\u2019\u00c9gypte, soit le S\u00e9n\u00e9gal.<\/p>\n<p>LIRE EGALEMENT : <a href=\"https:\/\/lagazettedufennec.com\/equipe-nationale-au-lendemain-du-match-face-au-nigeria-un-fennec-prend-sa-retraite\/\" rel=\"nofollow noopener\" target=\"_blank\">\u00c9quipe nationale : Benbot prend sa retraite internationale<\/a><\/p>\n","protected":false},"excerpt":{"rendered":"Tombeurs de l\u2019Alg\u00e9rie en quarts de finale, les hommes d\u2019Eric Chelle s\u2019appr\u00eatent \u00e0 d\u00e9fier le pays h\u00f4te, le&hellip;\n","protected":false},"author":2,"featured_media":21014,"comment_status":"","ping_status":"","sticky":false,"template":"","format":"standard","meta":{"footnotes":""},"categories":[254],"tags":[255,256,9238,13128,548,13129,13130,13131,3865,13132,1271,413],"class_list":{"0":"post-21013","1":"post","2":"type-post","3":"status-publish","4":"format-standard","5":"has-post-thumbnail","7":"category-algerie","8":"tag-algerie","9":"tag-algu00e9rie-can","10":"tag-algu00e9rie-maroc","11":"tag-algu00e9rie-maroc-can","12":"tag-eric-chelle","13":"tag-eric-chelle-algu00e9rie","14":"tag-eric-chelle-maroc","15":"tag-eric-chelle-nigu00e9ria","16":"tag-petkovic","17":"tag-petkovic-regragui","18":"tag-vladimir-petkovic","19":"tag-walid-regragui"},"share_on_mastodon":{"url":"","error":""},"_links":{"self":[{"href":"https:\/\/www.europesays.com\/africa\/wp-json\/wp\/v2\/posts\/21013","targetHints":{"allow":["GET"]}}],"collection":[{"href":"https:\/\/www.europesays.com\/africa\/wp-json\/wp\/v2\/posts"}],"about":[{"href":"https:\/\/www.europesays.com\/africa\/wp-json\/wp\/v2\/types\/post"}],"author":[{"embeddable":true,"href":"https:\/\/www.europesays.com\/africa\/wp-json\/wp\/v2\/users\/2"}],"replies":[{"embeddable":true,"href":"https:\/\/www.europesays.com\/africa\/wp-json\/wp\/v2\/comments?post=21013"}],"version-history":[{"count":0,"href":"https:\/\/www.europesays.com\/africa\/wp-json\/wp\/v2\/posts\/21013\/revisions"}],"wp:featuredmedia":[{"embeddable":true,"href":"https:\/\/www.europesays.com\/africa\/wp-json\/wp\/v2\/media\/21014"}],"wp:attachment":[{"href":"https:\/\/www.europesays.com\/africa\/wp-json\/wp\/v2\/media?parent=21013"}],"wp:term":[{"taxonomy":"category","embeddable":true,"href":"https:\/\/www.europesays.com\/africa\/wp-json\/wp\/v2\/categories?post=21013"},{"taxonomy":"post_tag","embeddable":true,"href":"https:\/\/www.europesays.com\/africa\/wp-json\/wp\/v2\/tags?post=21013"}],"curies":[{"name":"wp","href":"https:\/\/api.w.org\/{rel}","templated":true}]}}