{"id":21035,"date":"2026-01-13T15:49:15","date_gmt":"2026-01-13T15:49:15","guid":{"rendered":"https:\/\/www.europesays.com\/africa\/21035\/"},"modified":"2026-01-13T15:49:15","modified_gmt":"2026-01-13T15:49:15","slug":"malgre-la-deception-immense-de-lelimination-a-la-can-2025-luca-zidane-exprime-sa-fierte-davoir-porte-le-maillot-du-pays-de-ses-grands-parents","status":"publish","type":"post","link":"https:\/\/www.europesays.com\/africa\/21035\/","title":{"rendered":"malgr\u00e9 la &#8220;d\u00e9ception immense&#8221; de l\u2019\u00e9limination \u00e0 la CAN 2025, Luca Zidane exprime sa &#8220;fiert\u00e9 d\u2019avoir port\u00e9 le maillot&#8221; du pays de ses grands-parents"},"content":{"rendered":"<p>Luca Zidane a jou\u00e9 la premi\u00e8re Coupe d\u2019Afrique des nations de sa carri\u00e8re sous les couleurs de l&#8217;Alg\u00e9rie. Apr\u00e8s l\u2019\u00e9limination des Fennecs en quart de finale de la CAN 2025, le gardien de but de 27 ans a tenu a adress\u00e9 un message aux supporters alg\u00e9riens.<\/p>\n<p>Une premi\u00e8re CAN marqu\u00e9e par la fiert\u00e9. Samedi, l\u2019Alg\u00e9rie a \u00e9t\u00e9 \u00e9limin\u00e9e par le Nigeria (0-2) lors des quarts de finale de la Coupe d\u2019Afrique des nations 2025. Apr\u00e8s <a href=\"https:\/\/rmcsport.bfmtv.com\/football\/coupe-d-afrique-des-nations\/algerie-on-reviendra-plus-forts-le-message-de-mahrez-apres-l-elimination-des-fennecs-a-la-can-2025_AV-202601110247.html\" title=\"Alg\u00e9rie: &quot;On reviendra plus forts&quot;, le message de Mahrez apr\u00e8s l&#039;\u00e9limination des Fennecs \u00e0 la CAN 2025\" class=\"internal_link\" rel=\"nofollow noopener\" target=\"_blank\">le message d\u2019espoir de Riyad Mahrez<\/a> publi\u00e9 sur ses r\u00e9seaux sociaux dimanche, c\u2019est au tour de Luca Zidane de faire un bilan de cette CAN.<\/p>\n<p>Le gardien des Fennecs a post\u00e9 lundi une publication sur Instagram. Si le joueur de 27 ans \u00e9voque une &#8220;d\u00e9ception immense&#8221;, il tient cependant \u00e0 exprimer sa fiert\u00e9. &#8220;Au fond de moi, il y a surtout quelque chose de plus fort. De la fiert\u00e9. La fiert\u00e9 d\u2019avoir v\u00e9cu ma premi\u00e8re Coupe d\u2019Afrique des Nations. La fiert\u00e9 d\u2019avoir port\u00e9 ce maillot, celui de l\u2019Alg\u00e9rie, le pays de mes grands-parents. <a href=\"https:\/\/rmcsport.bfmtv.com\/football\/coupe-d-afrique-des-nations\/direct-algerie-nigeria-suivez-le-match-des-quarts-de-finale-de-la-can-2025-en-live_LS-202601100065.html\" title=\"Alg\u00e9rie-Nigeria: les Nig\u00e9rians dans le dernier carr\u00e9, les Alg\u00e9riens surclass\u00e9s\" class=\"internal_link\" rel=\"nofollow noopener\" target=\"_blank\">Cette \u00e9limination<\/a> fait mal, mais elle ne nous arr\u00eate pas. L\u2019Alg\u00e9rie se rel\u00e8ve toujours&#8221;, \u00e9crit-il.<\/p>\n<p>Le deuxi\u00e8me fils de Zin\u00e9dine Zidane, pass\u00e9 par toutes les \u00e9quipes de jeunes en France, a \u00e9t\u00e9 appel\u00e9 pour la premi\u00e8re fois par l\u2019Alg\u00e9rie en octobre 2025 pour les \u00e9liminatoires de la Coupe du monde 2026. Absent lors de la Coupe d\u2019Arabe d\u00e9but d\u00e9cembre, il avait fait son retour en s\u00e9lection comme titulaire pour la CAN.<\/p>\n<p>&#8220;Vous avez \u00e9t\u00e9 notre plus belle arme pendant cette CAN&#8221;<\/p>\n<p>Dans son message, Luca Zidane a \u00e9galement tenu \u00e0 remercier les supporters alg\u00e9riens: &#8220;Merci \u00e0 tout notre peuple pour la force que vous nous avez donn\u00e9e. Vous avez \u00e9t\u00e9 notre plus belle arme pendant cette CAN&#8221;. R\u00e9ticent au d\u00e9part, <a href=\"https:\/\/rmcsport.bfmtv.com\/football\/coupe-d-afrique-des-nations\/on-dirait-qu-il-est-la-depuis-longtemps-les-algeriens-seduits-par-les-debuts-de-luca-zidane-a-la-can-2025_AV-202512300556.html\" title=\"&quot;On dirait qu\u2019il est l\u00e0 depuis longtemps&quot;: les Alg\u00e9riens s\u00e9duits par les d\u00e9buts de Luca Zidane \u00e0 la CAN 2025\" class=\"internal_link\" rel=\"nofollow noopener\" target=\"_blank\">le public alg\u00e9rien a rapidement adopt\u00e9 le gardien<\/a>. Les bonnes performances du portier du FC Grenade ont aid\u00e9. Luca Zidane n\u2019a encaiss\u00e9 aucun but sur trois de ses cinq matches de la CAN.<\/p>\n<p>On pourrait retrouver <a href=\"https:\/\/rmcsport.bfmtv.com\/football\/video-il-nous-aidera-a-grandir-la-satisfaction-de-petkovic-et-des-journalistes-algeriens-a-propos-de-luca-zidane_VN-202512300399.html\" title=\"&quot;Il nous aidera \u00e0 grandir&quot;, la satisfaction de Petkovic et des journalistes alg\u00e9riens \u00e0 propos de Luca Zidane\" class=\"internal_link\" rel=\"nofollow noopener\" target=\"_blank\">Luca Zidane<\/a> en comp\u00e9tition officielle avec l\u2019Alg\u00e9rie en juin prochain lors de la Coupe du monde. Plac\u00e9s dans le groupe J, les Fennecs affronteront l\u2019Argentine, \u00e9quipe championne du monde en titre, la Jordanie et l\u2019Autriche.<\/p>\n","protected":false},"excerpt":{"rendered":"Luca Zidane a jou\u00e9 la premi\u00e8re Coupe d\u2019Afrique des nations de sa carri\u00e8re sous les couleurs de l&#8217;Alg\u00e9rie.&hellip;\n","protected":false},"author":2,"featured_media":21036,"comment_status":"","ping_status":"","sticky":false,"template":"","format":"standard","meta":{"footnotes":""},"categories":[254],"tags":[255],"class_list":{"0":"post-21035","1":"post","2":"type-post","3":"status-publish","4":"format-standard","5":"has-post-thumbnail","7":"category-algerie","8":"tag-algerie"},"share_on_mastodon":{"url":"","error":""},"_links":{"self":[{"href":"https:\/\/www.europesays.com\/africa\/wp-json\/wp\/v2\/posts\/21035","targetHints":{"allow":["GET"]}}],"collection":[{"href":"https:\/\/www.europesays.com\/africa\/wp-json\/wp\/v2\/posts"}],"about":[{"href":"https:\/\/www.europesays.com\/africa\/wp-json\/wp\/v2\/types\/post"}],"author":[{"embeddable":true,"href":"https:\/\/www.europesays.com\/africa\/wp-json\/wp\/v2\/users\/2"}],"replies":[{"embeddable":true,"href":"https:\/\/www.europesays.com\/africa\/wp-json\/wp\/v2\/comments?post=21035"}],"version-history":[{"count":0,"href":"https:\/\/www.europesays.com\/africa\/wp-json\/wp\/v2\/posts\/21035\/revisions"}],"wp:featuredmedia":[{"embeddable":true,"href":"https:\/\/www.europesays.com\/africa\/wp-json\/wp\/v2\/media\/21036"}],"wp:attachment":[{"href":"https:\/\/www.europesays.com\/africa\/wp-json\/wp\/v2\/media?parent=21035"}],"wp:term":[{"taxonomy":"category","embeddable":true,"href":"https:\/\/www.europesays.com\/africa\/wp-json\/wp\/v2\/categories?post=21035"},{"taxonomy":"post_tag","embeddable":true,"href":"https:\/\/www.europesays.com\/africa\/wp-json\/wp\/v2\/tags?post=21035"}],"curies":[{"name":"wp","href":"https:\/\/api.w.org\/{rel}","templated":true}]}}